{"id":11578,"date":"2020-04-24T19:06:28","date_gmt":"2020-04-24T19:06:28","guid":{"rendered":"http:\/\/extension.unvm.edu.ar\/?p=11578"},"modified":"2020-04-24T19:06:35","modified_gmt":"2020-04-24T19:06:35","slug":"reunion-virtual-con-el-mincyt-cordoba","status":"publish","type":"post","link":"https:\/\/extension.unvm.edu.ar\/?p=11578","title":{"rendered":"Reuni\u00f3n virtual con el Mincyt C\u00f3rdoba"},"content":{"rendered":"<div align=\"justify\">\n<p><em>Fue convocada la directora del Instituto de Extensi\u00f3n. El encuentro, a trav\u00e9s de la plataforma Zoom, tuvo como objetivo la consolidaci\u00f3n de actividades virtuales que conlleven ciencia y tecnolog\u00eda en los hogares.<\/em><\/p>\n<p>La Secretar\u00eda de Articulaci\u00f3n Cient\u00edfica-Tecnol\u00f3gica del Ministerio de Ciencia y Tecnolog\u00eda de C\u00f3rdoba (Mincyt) junto a la Direcci\u00f3n de Promoci\u00f3n Cient\u00edfica, organizaron la primera reuni\u00f3n con secretarios de extensi\u00f3n de diversas universidades. En esta oportunidad, fueron convocados, la directora del Instituto de Extensi\u00f3n de la Universidad Nacional Villa Mar\u00eda (UNVM), Gabriela Redondo y el director del \u00c1rea de Transferencia Cient\u00edfico-Tecnol\u00f3gica, Dario Poncio.<\/p>\n<p>En el encuentro virtual, llevado a cabo el pasado 23 de abril a trav\u00e9s de la plataforma Zoom, se abordaron diversos temas, como la consolidaci\u00f3n de las actividades que se est\u00e1n realizando en las universidades para acompa\u00f1ar desde Mincyt y evaluaci\u00f3n de actividades programadas para ser incorporadas en la agenda de ciencia y tecnolog\u00eda en casa.<\/p>\n<p>Es importante mencionar que el Instituto de Extensi\u00f3n est\u00e1 trabajando de manera articulada con la Secretar\u00eda de Investigaci\u00f3n, a cargo del director Pablo Fiorito.<\/p>\n<\/div>\n","protected":false},"excerpt":{"rendered":"<p>Fue convocada la directora del Instituto de Extensi\u00f3n. El encuentro, a trav\u00e9s de la plataforma Zoom, tuvo como objetivo la consolidaci\u00f3n de actividades virtuales que conlleven ciencia y tecnolog\u00eda en los hogares. La Secretar\u00eda de Articulaci\u00f3n Cient\u00edfica-Tecnol\u00f3gica del Ministerio de Ciencia y Tecnolog\u00eda de C\u00f3rdoba (Mincyt) junto a la Direcci\u00f3n de Promoci\u00f3n Cient\u00edfica, organizaron la [&hellip;]<\/p>\n","protected":false},"author":12,"featured_media":11579,"comment_status":"closed","ping_status":"closed","sticky":false,"template":"","format":"standard","meta":{"_exactmetrics_skip_tracking":false,"_exactmetrics_sitenote_active":false,"_exactmetrics_sitenote_note":"","_exactmetrics_sitenote_category":0,"footnotes":""},"categories":[2],"tags":[],"class_list":["post-11578","post","type-post","status-publish","format-standard","has-post-thumbnail","hentry","category-novedades"],"_links":{"self":[{"href":"https:\/\/extension.unvm.edu.ar\/index.php?rest_route=\/wp\/v2\/posts\/11578"}],"collection":[{"href":"https:\/\/extension.unvm.edu.ar\/index.php?rest_route=\/wp\/v2\/posts"}],"about":[{"href":"https:\/\/extension.unvm.edu.ar\/index.php?rest_route=\/wp\/v2\/types\/post"}],"author":[{"embeddable":true,"href":"https:\/\/extension.unvm.edu.ar\/index.php?rest_route=\/wp\/v2\/users\/12"}],"replies":[{"embeddable":true,"href":"https:\/\/extension.unvm.edu.ar\/index.php?rest_route=%2Fwp%2Fv2%2Fcomments&post=11578"}],"version-history":[{"count":5,"href":"https:\/\/extension.unvm.edu.ar\/index.php?rest_route=\/wp\/v2\/posts\/11578\/revisions"}],"predecessor-version":[{"id":11664,"href":"https:\/\/extension.unvm.edu.ar\/index.php?rest_route=\/wp\/v2\/posts\/11578\/revisions\/11664"}],"wp:featuredmedia":[{"embeddable":true,"href":"https:\/\/extension.unvm.edu.ar\/index.php?rest_route=\/wp\/v2\/media\/11579"}],"wp:attachment":[{"href":"https:\/\/extension.unvm.edu.ar\/index.php?rest_route=%2Fwp%2Fv2%2Fmedia&parent=11578"}],"wp:term":[{"taxonomy":"category","embeddable":true,"href":"https:\/\/extension.unvm.edu.ar\/index.php?rest_route=%2Fwp%2Fv2%2Fcategories&post=11578"},{"taxonomy":"post_tag","embeddable":true,"href":"https:\/\/extension.unvm.edu.ar\/index.php?rest_route=%2Fwp%2Fv2%2Ftags&post=11578"}],"curies":[{"name":"wp","href":"https:\/\/api.w.org\/{rel}","templated":true}]}}