{"id":11561,"date":"2020-04-11T19:05:15","date_gmt":"2020-04-11T19:05:15","guid":{"rendered":"http:\/\/extension.unvm.edu.ar\/?p=11561"},"modified":"2020-04-11T20:58:23","modified_gmt":"2020-04-11T20:58:23","slug":"el-impacto-economico-del-covid-en-argentina","status":"publish","type":"post","link":"https:\/\/extension.unvm.edu.ar\/?p=11561","title":{"rendered":"El impacto econ\u00f3mico del COVID-19 en Argentina"},"content":{"rendered":"<div align=\"justify\">\n<p><em>\u201cLa crisis sanitaria ha tra\u00eddo un momento de emergencia y excepcionalidad\u201d, manifest\u00f3 Dar\u00edo Poncio, director del \u00c1rea de Transferencia Cient\u00edfico-Tecnol\u00f3gica.<\/em><\/p>\n<p>En una entrevista desde su casa, el director del \u00c1rea de Transferencia Cient\u00edfico-Tecnol\u00f3gica perteneciente al Instituto de Extensi\u00f3n de la Universidad Nacional Villa Mar\u00eda (UNVM), Dar\u00edo Poncio, coment\u00f3 sobre la situaci\u00f3n de incertidumbre econ\u00f3mica y social en la que se encuentra el pa\u00eds y el mundo ante la pandemia del Coronavirus (COVID-19).<\/p>\n<p>\u201cEn materia econ\u00f3mica, la crisis sanitaria ha tra\u00eddo un momento de emergencia y excepcionalidad\u201d, afirm\u00f3 Poncio. En este sentido, hizo hincapi\u00e9 en que gran parte de la sociedad, act\u00faa con patriotismo y actitudes solidarias como sucedi\u00f3 durante la Guerra de Malvinas, pero tambi\u00e9n hay un grupo minoritario que se maneja con individualismo y ego\u00edsmo, como pas\u00f3 en el a\u00f1o 2001, con la crisis de la salida de la convertibilidad.<\/p>\n<p>En referencia al futuro de Argentina, manifest\u00f3 que puede ser mejor de lo que pensamos, porque \u201ces muy probable que el mundo se cierre y tengamos que empezar a vivir de lo nuestro, para eso la producci\u00f3n del campo es fundamental, porque genera divisas y, a su vez, la industria nacional que tiene apoyo cient\u00edfico y tecnol\u00f3gico\u201d, argument\u00f3 Poncio.<\/p>\n<p>Asimismo, se le consult\u00f3 por el contexto laboral y expres\u00f3: \u201cHasta que no se retomen con normalidad las actividades comerciales, va a haber una situaci\u00f3n de crisis, hay sectores como el alimenticio, agrario, ferreter\u00edas, corralones y la salud que est\u00e1n trabajando, pero el comercio est\u00e1 en un 80% cerrado\u201d.<\/p>\n<p>Para finalizar la entrevista, se interrog\u00f3 acerca del estado del comercio exterior que, m\u00e1s all\u00e1 de la situaci\u00f3n econ\u00f3mica actual, el director afirm\u00f3 que puede haber una mejora. \u201cEl mundo debe seguir aliment\u00e1ndose y sabemos que nuestro pa\u00eds es un gran portador de alimentos, m\u00e1s all\u00e1 de que la soja y algunos commodities han bajado de precio, una vez pasada la pandemia, la venta al exterior de productos primarios con valor agregado, puede ser positiva\u201d.<\/p>\n<p>Adem\u00e1s, agreg\u00f3 que, si se mantienen las exportaciones, las importaciones caen como consecuencia de la recesi\u00f3n: \u201clos argentinos gastamos menos d\u00f3lares para vacacionar en el exterior y, adem\u00e1s, si por la renegociaci\u00f3n de la deuda externa, el pago de capital e intereses a nuestros acreedores disminuyen, podemos ser moderadamente optimistas respecto al futuro\u201d, concluy\u00f3.<\/p>\n<\/div>\n","protected":false},"excerpt":{"rendered":"<p>\u201cLa crisis sanitaria ha tra\u00eddo un momento de emergencia y excepcionalidad\u201d, manifest\u00f3 Dar\u00edo Poncio, director del \u00c1rea de Transferencia Cient\u00edfico-Tecnol\u00f3gica. En una entrevista desde su casa, el director del \u00c1rea de Transferencia Cient\u00edfico-Tecnol\u00f3gica perteneciente al Instituto de Extensi\u00f3n de la Universidad Nacional Villa Mar\u00eda (UNVM), Dar\u00edo Poncio, coment\u00f3 sobre la situaci\u00f3n de incertidumbre econ\u00f3mica y [&hellip;]<\/p>\n","protected":false},"author":12,"featured_media":9144,"comment_status":"closed","ping_status":"closed","sticky":false,"template":"","format":"standard","meta":{"_exactmetrics_skip_tracking":false,"_exactmetrics_sitenote_active":false,"_exactmetrics_sitenote_note":"","_exactmetrics_sitenote_category":0,"footnotes":""},"categories":[2],"tags":[],"class_list":["post-11561","post","type-post","status-publish","format-standard","has-post-thumbnail","hentry","category-novedades"],"_links":{"self":[{"href":"https:\/\/extension.unvm.edu.ar\/index.php?rest_route=\/wp\/v2\/posts\/11561"}],"collection":[{"href":"https:\/\/extension.unvm.edu.ar\/index.php?rest_route=\/wp\/v2\/posts"}],"about":[{"href":"https:\/\/extension.unvm.edu.ar\/index.php?rest_route=\/wp\/v2\/types\/post"}],"author":[{"embeddable":true,"href":"https:\/\/extension.unvm.edu.ar\/index.php?rest_route=\/wp\/v2\/users\/12"}],"replies":[{"embeddable":true,"href":"https:\/\/extension.unvm.edu.ar\/index.php?rest_route=%2Fwp%2Fv2%2Fcomments&post=11561"}],"version-history":[{"count":5,"href":"https:\/\/extension.unvm.edu.ar\/index.php?rest_route=\/wp\/v2\/posts\/11561\/revisions"}],"predecessor-version":[{"id":11581,"href":"https:\/\/extension.unvm.edu.ar\/index.php?rest_route=\/wp\/v2\/posts\/11561\/revisions\/11581"}],"wp:featuredmedia":[{"embeddable":true,"href":"https:\/\/extension.unvm.edu.ar\/index.php?rest_route=\/wp\/v2\/media\/9144"}],"wp:attachment":[{"href":"https:\/\/extension.unvm.edu.ar\/index.php?rest_route=%2Fwp%2Fv2%2Fmedia&parent=11561"}],"wp:term":[{"taxonomy":"category","embeddable":true,"href":"https:\/\/extension.unvm.edu.ar\/index.php?rest_route=%2Fwp%2Fv2%2Fcategories&post=11561"},{"taxonomy":"post_tag","embeddable":true,"href":"https:\/\/extension.unvm.edu.ar\/index.php?rest_route=%2Fwp%2Fv2%2Ftags&post=11561"}],"curies":[{"name":"wp","href":"https:\/\/api.w.org\/{rel}","templated":true}]}}