{"id":11549,"date":"2020-04-03T19:13:59","date_gmt":"2020-04-03T19:13:59","guid":{"rendered":"http:\/\/extension.unvm.edu.ar\/?p=11549"},"modified":"2020-04-03T19:15:00","modified_gmt":"2020-04-03T19:15:00","slug":"el-peuam-en-casa","status":"publish","type":"post","link":"https:\/\/extension.unvm.edu.ar\/?p=11549","title":{"rendered":"\u00a1EL PEUAM EN CASA!"},"content":{"rendered":"<p style=\"text-align: justify; line-height: 150%; background: white; margin: 12.0pt 0cm 4.5pt 0cm;\"><i><span style=\"font-size: 11.0pt; line-height: 150%; font-family: 'Arial',sans-serif; color: #1c1e21;\">El Instituto de Extensi\u00f3n de la UNVM, se propone a seguir acompa\u00f1ando a los\/as adultos\/as mayores, compartiendo videos con consigas para hacer desde el hogar, de los talleres que se brindan este a\u00f1o.<\/span><\/i><\/p>\n<p style=\"text-align: justify; line-height: 150%; background: white; margin: 12.0pt 0cm 4.5pt 0cm;\"><span style=\"font-size: 11.0pt; line-height: 150%; font-family: 'Arial',sans-serif; color: #1c1e21;\">Debido a la situaci\u00f3n de emergencia sanitaria, a fin de proteger la salud de los\/as participantes, el Instituto de Extensi\u00f3n de la Universidad Nacional Villa Mar\u00eda (UNVM) posterg\u00f3 el inicio de clases presenciales del Programa de Extensi\u00f3n Universitaria para Adultos Mayores (PEUAM), pero propone seguir acompa\u00f1\u00e1ndolos\/as, estableciendo lazos que mantengan inquieto el desarrollo cognoscitivo, el afecto y la inquietud motivadora.<\/span><\/p>\n<p style=\"text-align: justify; line-height: 150%; background: white; margin: 12.0pt 0cm 4.5pt 0cm;\"><span style=\"font-size: 11.0pt; line-height: 150%; font-family: 'Arial',sans-serif; color: #1c1e21;\">El aislamiento, la soledad, el temor y la falta de contacto puede tener efectos muy da\u00f1inos en quienes se encuentran solo\/as en sus hogares. Por tal motivo y para mantener el espacio vivo, todos los d\u00edas a las 10 hs., se compartir\u00e1 en las redes y p\u00e1gina web del Instituto, videos con consignas para hacer desde el hogar, de cada taller que se brinda este a\u00f1o.<\/span><\/p>\n<p style=\"text-align: justify; line-height: 150%; background: white; margin: 12.0pt 0cm 4.5pt 0cm;\"><span style=\"font-size: 11.0pt; line-height: 150%; font-family: 'Arial',sans-serif; color: #1c1e21;\">Adem\u00e1s, es importante recordar que las inscripciones a los talleres 2020, siguen abiertas, pero solo se har\u00e1n a trav\u00e9s de WhatsApp al 0353 \u2013 154293029. Hoy es tiempo de cuidarnos uno\/as a otro\/as.<\/span><\/p>\n<p style=\"text-align: justify; line-height: 150%; background: white;\"><u><span style=\"font-size: 11.0pt; line-height: 150%; font-family: 'Arial',sans-serif; color: #1c1e21;\">Listado de talleres<\/span><\/u><span style=\"font-size: 11.0pt; line-height: 150%; font-family: 'Arial',sans-serif; color: #1c1e21;\">:<\/span><\/p>\n<p style=\"text-align: justify; line-height: 150%; background: white;\"><span style=\"font-size: 11.0pt; line-height: 150%; font-family: 'Arial',sans-serif; color: #1c1e21;\">\u2022 \u00c1rea Cuidado de la Salud: Gimnasia Adultos en Movimiento; Ritmos Latinos; Danzas Circulares; As\u00ed se baila el tango; Yoga; Tai Chi y Meditaci\u00f3n.<\/span><\/p>\n<p style=\"text-align: justify; line-height: 150%; background: white;\"><span style=\"font-size: 11.0pt; line-height: 150%; font-family: 'Arial',sans-serif; color: #1c1e21;\">\u2022 \u00c1rea de Expresi\u00f3n art\u00edstica y cultural: Lectura y escritura: letras mayores; Cine y Literatura; Teatro hacia la escena mayor; Radioteatro y audio relatos dramatizados; Pintore\/as en movimiento; Crochet: amar la trama; Canto Tango; Canto Folklore y acompa\u00f1amiento musical; Origami: un mundo de papel.<\/span><\/p>\n<p style=\"text-align: justify; line-height: 150%; background: white;\"><span style=\"font-size: 11.0pt; line-height: 150%; font-family: 'Arial',sans-serif; color: #1c1e21;\">\u2022 \u00c1rea de Ciencias Sociales y Humanidades: Aprendiendo a mirar y contar haciendo fotos; Computaci\u00f3n: el adulto mayor y las nuevas tecnolog\u00edas; Memoria y estimulaci\u00f3n cognitiva; An\u00e1lisis de la realidad social y pol\u00edtica; Italiano, lengua y cultura nivel inicial; Ingl\u00e9s conversaci\u00f3n; Lengua cultura alemana e Ingl\u00e9s nivel 1, 2 y 3.<\/span><\/p>\n<p style=\"text-align: justify; line-height: 150%; background: white; margin: 12.0pt 0cm 4.5pt 0cm;\"><span style=\"font-size: 11.0pt; line-height: 150%; font-family: 'Arial',sans-serif; color: #1c1e21;\">\u2022 \u00c1rea de medio ambiente: Huerta y jardiner\u00eda: despertando los sentidos.<\/span><\/p>\n","protected":false},"excerpt":{"rendered":"<p>El Instituto de Extensi\u00f3n de la UNVM, se propone a seguir acompa\u00f1ando a los\/as adultos\/as mayores, compartiendo videos con consigas para hacer desde el hogar, de los talleres que se brindan este a\u00f1o. Debido a la situaci\u00f3n de emergencia sanitaria, a fin de proteger la salud de los\/as participantes, el Instituto de Extensi\u00f3n de la [&hellip;]<\/p>\n","protected":false},"author":12,"featured_media":11556,"comment_status":"closed","ping_status":"closed","sticky":false,"template":"","format":"standard","meta":{"_exactmetrics_skip_tracking":false,"_exactmetrics_sitenote_active":false,"_exactmetrics_sitenote_note":"","_exactmetrics_sitenote_category":0,"footnotes":""},"categories":[2],"tags":[],"class_list":["post-11549","post","type-post","status-publish","format-standard","has-post-thumbnail","hentry","category-novedades"],"_links":{"self":[{"href":"https:\/\/extension.unvm.edu.ar\/index.php?rest_route=\/wp\/v2\/posts\/11549"}],"collection":[{"href":"https:\/\/extension.unvm.edu.ar\/index.php?rest_route=\/wp\/v2\/posts"}],"about":[{"href":"https:\/\/extension.unvm.edu.ar\/index.php?rest_route=\/wp\/v2\/types\/post"}],"author":[{"embeddable":true,"href":"https:\/\/extension.unvm.edu.ar\/index.php?rest_route=\/wp\/v2\/users\/12"}],"replies":[{"embeddable":true,"href":"https:\/\/extension.unvm.edu.ar\/index.php?rest_route=%2Fwp%2Fv2%2Fcomments&post=11549"}],"version-history":[{"count":2,"href":"https:\/\/extension.unvm.edu.ar\/index.php?rest_route=\/wp\/v2\/posts\/11549\/revisions"}],"predecessor-version":[{"id":11563,"href":"https:\/\/extension.unvm.edu.ar\/index.php?rest_route=\/wp\/v2\/posts\/11549\/revisions\/11563"}],"wp:featuredmedia":[{"embeddable":true,"href":"https:\/\/extension.unvm.edu.ar\/index.php?rest_route=\/wp\/v2\/media\/11556"}],"wp:attachment":[{"href":"https:\/\/extension.unvm.edu.ar\/index.php?rest_route=%2Fwp%2Fv2%2Fmedia&parent=11549"}],"wp:term":[{"taxonomy":"category","embeddable":true,"href":"https:\/\/extension.unvm.edu.ar\/index.php?rest_route=%2Fwp%2Fv2%2Fcategories&post=11549"},{"taxonomy":"post_tag","embeddable":true,"href":"https:\/\/extension.unvm.edu.ar\/index.php?rest_route=%2Fwp%2Fv2%2Ftags&post=11549"}],"curies":[{"name":"wp","href":"https:\/\/api.w.org\/{rel}","templated":true}]}}