{"id":11502,"date":"2020-03-28T17:14:04","date_gmt":"2020-03-28T17:14:04","guid":{"rendered":"http:\/\/extension.unvm.edu.ar\/?p=11502"},"modified":"2020-04-03T18:40:11","modified_gmt":"2020-04-03T18:40:11","slug":"en-abril-comenzaran-las-diplomaturas-a-distancia","status":"publish","type":"post","link":"https:\/\/extension.unvm.edu.ar\/?p=11502","title":{"rendered":"En abril comenzar\u00e1n las diplomaturas a distancia"},"content":{"rendered":"<div align=\"justify\">\n<p><em>Las propuestas de capacitaci\u00f3n responden a Educaci\u00f3n Emocional, Neuroeducaci\u00f3n y Educar en la Cultura Digital. La modalidad de cursado es online y est\u00e1n destinadas a educadores de todos los niveles y profesionales vinculados a la educaci\u00f3n.<\/em><\/p>\n<p>El \u00c1rea de Formaci\u00f3n Continua del Instituto de Extensi\u00f3n de la Universidad Nacional Villa Mar\u00eda (UNVM), junto a Aula Abierta, lanzan una nueva edici\u00f3n de las Diplomaturas en Educaci\u00f3n Emocional, Neuroeducaci\u00f3n y Educar en la Cultura Digital. Es importante mencionar que las mismas, comenzar\u00e1n el 24 de abril, la modalidad de cursado ser\u00e1 completamente online y los cupos son limitados.<\/p>\n<p>En lo que respecta a la Diplomatura \u201cEducaci\u00f3n Emocional en el Aprendizaje\u201d, fue creada con el objetivo de que profesionales vinculados a la educaci\u00f3n y estudiantes de carreras afines, puedan brindar estrategias y t\u00e9cnicas que permitan integrar teor\u00eda y pr\u00e1ctica, en el contexto emocional y social donde el aprendizaje acontece. Ser\u00e1 dictada por los profesionales, lic. Lucas Malaisi y el lic. Carlos Sigvardt.<\/p>\n<p>Asimismo, la Diplomatura en \u201cNeuroeducaci\u00f3n\u201d, tiene como objetivo que, los profesionales vinculados a la educaci\u00f3n y salud, puedan aplicar los conocimientos de las neurociencias, sobre c\u00f3mo funciona el cerebro para mejorar estrategias pedag\u00f3gicas. Los docentes a cargo ser\u00e1n Anna For\u00e9s Miravalles y Jes\u00fas Guill\u00e9n.<\/p>\n<p>Por su parte, tambi\u00e9n se encuentra la Diplomatura \u201cEducar en la Cultura Digital\u201d, con el apoyo de la Asociaci\u00f3n Chicos.net. La misma busca comprender el abordaje de la ense\u00f1anza en la era digital. Marcela Czarny, Andrea Urbas y Eleonora Fern\u00e1ndez, junto a destacados educadores invitados, integran el cuerpo docente.<\/p>\n<p>Al finalizar el cursado, desde el \u00c1rea de Formaci\u00f3n Continua se otorgar\u00e1n los certificados correspondientes.<\/p>\n<p>Para m\u00e1s informaci\u00f3n e inscripciones los\/as interesados\/as pueden ingresar a <a href=\"http:\/\/www.aulaabierta.online\">www.aulaabierta.online<\/a> o escribir a <a href=\"mailto:inscribirme@aulaabierta.online\">inscribirme@aulaabierta.online<\/a><\/p>\n<\/div>\n","protected":false},"excerpt":{"rendered":"<p>Las propuestas de capacitaci\u00f3n responden a Educaci\u00f3n Emocional, Neuroeducaci\u00f3n y Educar en la Cultura Digital. La modalidad de cursado es online y est\u00e1n destinadas a educadores de todos los niveles y profesionales vinculados a la educaci\u00f3n. El \u00c1rea de Formaci\u00f3n Continua del Instituto de Extensi\u00f3n de la Universidad Nacional Villa Mar\u00eda (UNVM), junto a Aula [&hellip;]<\/p>\n","protected":false},"author":12,"featured_media":11509,"comment_status":"closed","ping_status":"closed","sticky":false,"template":"","format":"standard","meta":{"_exactmetrics_skip_tracking":false,"_exactmetrics_sitenote_active":false,"_exactmetrics_sitenote_note":"","_exactmetrics_sitenote_category":0,"footnotes":""},"categories":[2],"tags":[],"class_list":["post-11502","post","type-post","status-publish","format-standard","has-post-thumbnail","hentry","category-novedades"],"_links":{"self":[{"href":"https:\/\/extension.unvm.edu.ar\/index.php?rest_route=\/wp\/v2\/posts\/11502"}],"collection":[{"href":"https:\/\/extension.unvm.edu.ar\/index.php?rest_route=\/wp\/v2\/posts"}],"about":[{"href":"https:\/\/extension.unvm.edu.ar\/index.php?rest_route=\/wp\/v2\/types\/post"}],"author":[{"embeddable":true,"href":"https:\/\/extension.unvm.edu.ar\/index.php?rest_route=\/wp\/v2\/users\/12"}],"replies":[{"embeddable":true,"href":"https:\/\/extension.unvm.edu.ar\/index.php?rest_route=%2Fwp%2Fv2%2Fcomments&post=11502"}],"version-history":[{"count":7,"href":"https:\/\/extension.unvm.edu.ar\/index.php?rest_route=\/wp\/v2\/posts\/11502\/revisions"}],"predecessor-version":[{"id":11566,"href":"https:\/\/extension.unvm.edu.ar\/index.php?rest_route=\/wp\/v2\/posts\/11502\/revisions\/11566"}],"wp:featuredmedia":[{"embeddable":true,"href":"https:\/\/extension.unvm.edu.ar\/index.php?rest_route=\/wp\/v2\/media\/11509"}],"wp:attachment":[{"href":"https:\/\/extension.unvm.edu.ar\/index.php?rest_route=%2Fwp%2Fv2%2Fmedia&parent=11502"}],"wp:term":[{"taxonomy":"category","embeddable":true,"href":"https:\/\/extension.unvm.edu.ar\/index.php?rest_route=%2Fwp%2Fv2%2Fcategories&post=11502"},{"taxonomy":"post_tag","embeddable":true,"href":"https:\/\/extension.unvm.edu.ar\/index.php?rest_route=%2Fwp%2Fv2%2Ftags&post=11502"}],"curies":[{"name":"wp","href":"https:\/\/api.w.org\/{rel}","templated":true}]}}