{"id":11194,"date":"2020-03-21T16:34:23","date_gmt":"2020-03-21T16:34:23","guid":{"rendered":"http:\/\/extension.unvm.edu.ar\/?p=11194"},"modified":"2020-04-03T18:44:21","modified_gmt":"2020-04-03T18:44:21","slug":"curso-virtual-sobre-el-derecho-de-la-propiedad-intelectual","status":"publish","type":"post","link":"https:\/\/extension.unvm.edu.ar\/?p=11194","title":{"rendered":"Curso virtual sobre el Derecho de la Propiedad Intelectual"},"content":{"rendered":"<div align=\"justify\">\n<p><em>Las inscripciones comienzan el 23 de marzo hasta el 10 de abril. El cursado ser\u00e1 sin costo y se les otorgar\u00e1 certificado de aprobaci\u00f3n a los\/as participantes.<\/em><\/p>\n<p>Desde el \u00c1rea de Formaci\u00f3n Continua, perteneciente al Instituto de Extensi\u00f3n de la Universidad Nacional Villa Mar\u00eda (UNVM), se dictar\u00e1 un curso virtual denominado \u00abIntroducci\u00f3n del Derecho de la Propiedad Intelectual\u00bb.<\/p>\n<p>Cabe mencionar que las inscripciones ser\u00e1n desde el 23 de marzo al 10 de abril. Est\u00e1 destinado a estudiantes, docentes, investigadoras\/es, personal t\u00e9cnico &#8211; no docente de la Universidad de las \u00e1reas de investigaci\u00f3n y transferencia cient\u00edfico-tecnol\u00f3gica, emprendedoras\/es, graduadas\/os y p\u00fablico en general con inter\u00e9s en la tem\u00e1tica.<\/p>\n<p>Asimismo, el cursado ser\u00e1 sin costo y se llevar\u00e1 a cabo desde el 13 de abril al 8 de mayo. Adem\u00e1s, se les otorgar\u00e1 certificado de aprobaci\u00f3n a los\/as participantes, previa presentaci\u00f3n de un trabajo final.<\/p>\n<p>Para inscripciones puede ingresar a <a href=\"https:\/\/l.facebook.com\/l.php?u=https%3A%2F%2Fbit.ly%2F2J6mPz7%3Ffbclid%3DIwAR1svJ5S_MlZ6osbbHt_ZlmMQjN3S5r69jue9_Chr0lD3_KhW5toZBNPVdQ&amp;h=AT1wbZf3lwfAaxmxtv72-GaXyNx3qxvVIjVtsdoLJstkURDUwE4pxMM7YsT6zXxLdk6cQ-fYm5BeIbNgBKkyD2q99HRGwOTpykbs8meJ6yFWC-HPRAUqeo9YewgyLAUOiGh-CPPnJjXBi8ivkCQ0f8dN5U_RDkpCuH2Ob0KUczFXFYUz_X4425YKGqVk1DC09bnr-9w31JpCC9y6IogLeC7A87bDdTP2r-e_cA2t2Spe9YI_DPm4OCiIItuSOHLL7SDI-Jj27Fq-h5uHgBYBhy3Y6AEh6-tUwukgWLdJKyvvmE7DPBPZvkbp5QBEDAcAnCnxkX1-C_m2nO_6HAJjvmIlsIyNlEIZrHmkSfVemPUfLHNQAoxd0XvazQEIH3VouE7UkALQaJsYyY6RNllwTWE21N_qwRqDZkugdlSlmng-QS7zTq5CCwqjD9xLQyw8pIM7M-NPXDojItlOpVszxBlWULXTlj0UgNwt6p-RJw69ah7DVnv_P_OqvD7wPBpDQe1N-AsG3RDVJCnmPa-qXDduZgMXw1_2harlL3Iid7RXa8VXd_VLmr_H4QxtU1su2pAqk_RChDzgAHcbwYSN9micfx-TGQbgh_PV54TNWznoUkbozILiOJc_04MdveW_szQ\" target=\"_blank\" rel=\"noopener nofollow\" data-ft=\"{&quot;tn&quot;:&quot;-U&quot;}\" data-lynx-mode=\"async\">https:\/\/bit.ly\/2J6mPz7<\/a><\/p>\n<\/div>\n","protected":false},"excerpt":{"rendered":"<p>Las inscripciones comienzan el 23 de marzo hasta el 10 de abril. El cursado ser\u00e1 sin costo y se les otorgar\u00e1 certificado de aprobaci\u00f3n a los\/as participantes. Desde el \u00c1rea de Formaci\u00f3n Continua, perteneciente al Instituto de Extensi\u00f3n de la Universidad Nacional Villa Mar\u00eda (UNVM), se dictar\u00e1 un curso virtual denominado \u00abIntroducci\u00f3n del Derecho de [&hellip;]<\/p>\n","protected":false},"author":12,"featured_media":11199,"comment_status":"closed","ping_status":"closed","sticky":false,"template":"","format":"standard","meta":{"_exactmetrics_skip_tracking":false,"_exactmetrics_sitenote_active":false,"_exactmetrics_sitenote_note":"","_exactmetrics_sitenote_category":0,"footnotes":""},"categories":[2],"tags":[],"class_list":["post-11194","post","type-post","status-publish","format-standard","has-post-thumbnail","hentry","category-novedades"],"_links":{"self":[{"href":"https:\/\/extension.unvm.edu.ar\/index.php?rest_route=\/wp\/v2\/posts\/11194"}],"collection":[{"href":"https:\/\/extension.unvm.edu.ar\/index.php?rest_route=\/wp\/v2\/posts"}],"about":[{"href":"https:\/\/extension.unvm.edu.ar\/index.php?rest_route=\/wp\/v2\/types\/post"}],"author":[{"embeddable":true,"href":"https:\/\/extension.unvm.edu.ar\/index.php?rest_route=\/wp\/v2\/users\/12"}],"replies":[{"embeddable":true,"href":"https:\/\/extension.unvm.edu.ar\/index.php?rest_route=%2Fwp%2Fv2%2Fcomments&post=11194"}],"version-history":[{"count":5,"href":"https:\/\/extension.unvm.edu.ar\/index.php?rest_route=\/wp\/v2\/posts\/11194\/revisions"}],"predecessor-version":[{"id":11554,"href":"https:\/\/extension.unvm.edu.ar\/index.php?rest_route=\/wp\/v2\/posts\/11194\/revisions\/11554"}],"wp:featuredmedia":[{"embeddable":true,"href":"https:\/\/extension.unvm.edu.ar\/index.php?rest_route=\/wp\/v2\/media\/11199"}],"wp:attachment":[{"href":"https:\/\/extension.unvm.edu.ar\/index.php?rest_route=%2Fwp%2Fv2%2Fmedia&parent=11194"}],"wp:term":[{"taxonomy":"category","embeddable":true,"href":"https:\/\/extension.unvm.edu.ar\/index.php?rest_route=%2Fwp%2Fv2%2Fcategories&post=11194"},{"taxonomy":"post_tag","embeddable":true,"href":"https:\/\/extension.unvm.edu.ar\/index.php?rest_route=%2Fwp%2Fv2%2Ftags&post=11194"}],"curies":[{"name":"wp","href":"https:\/\/api.w.org\/{rel}","templated":true}]}}