{"id":11069,"date":"2020-03-06T13:06:17","date_gmt":"2020-03-06T13:06:17","guid":{"rendered":"http:\/\/extension.unvm.edu.ar\/?p=11069"},"modified":"2020-03-07T17:57:53","modified_gmt":"2020-03-07T17:57:53","slug":"danzamble-participara-en-los-eventos-por-el-8m","status":"publish","type":"post","link":"https:\/\/extension.unvm.edu.ar\/?p=11069","title":{"rendered":"Danzamble participar\u00e1 en los eventos por el 8M"},"content":{"rendered":"<div align=\"justify\">\n<p><em>El elenco estable del Instituto de Extensi\u00f3n, presentar\u00e1 \u201cMemorias de la Resistencia II\u201d, en el marco de las actividades que realizar\u00e1 la Universidad Nacional Villa Mar\u00eda (UNVM) por el 8M.<\/em><\/p>\n<p>El grupo de danza contempor\u00e1nea, Danzamble, presentar\u00e1 la perfomance \u00abMemorias de la Resistencia II\u00bb, que tendr\u00e1 lugar el pr\u00f3ximo 11 de marzo a las 14 hs., en el Plat\u00f3 de Dise\u00f1o del Campus Universitario. Esta actividad, est\u00e1 enmarcada en los eventos que\u00a0organiz\u00f3 la UNVM en adhesi\u00f3n al D\u00eda Internacional de la Mujer.<\/p>\n<p>Cabe mencionar que la presentaci\u00f3n, que se exhibe por segunda vez, es un lenguaje entre la danza, la m\u00fasica y las im\u00e1genes, exponiendo las luchas de las mujeres a lo largo de la historia. El trabajo es en marco del proyecto de investigaci\u00f3n\u00bbLa performance como territorio de cruces desde la UNVM. Un camino hacia la memoria\u00bb. dirigido por Liliana Guillot, Cristina Gallo y Gabriela Redondo, junto a un equipo de docentes y estudiantes.<\/p>\n<p>Por su parte, es importante destacar que la UNVM realizar\u00e1 varias actividades en adhesi\u00f3n al D\u00eda Internacional de la Mujer, que comenzar\u00e1n el pr\u00f3ximo lunes. Desde la Direcci\u00f3n de Salud, se concretar\u00e1n acciones de salud preventiva, que facilitan el control ginecol\u00f3gico, la realizaci\u00f3n del autoexamen mamario, el control del carn\u00e9 de vacunas y la consejer\u00eda de anticoncepci\u00f3n, nutrici\u00f3n y deporte.<\/p>\n<p>Asimismo, se convoc\u00f3 a participar de la movilizaci\u00f3n y paro que se concretar\u00e1 el 9 de marzo y se eval\u00faa la solicitud de un asueto para que las mujeres integrantes de la comunidad universitaria puedan marchar. Adem\u00e1s, el 10 de marzo, a las 18 hs., en el sal\u00f3n del Parque de Villa Nueva, se realizar\u00e1\u00a0el taller \u201cParticipaci\u00f3n y estrategias de organizaci\u00f3n de mujeres. Nos pensamos en este 8 M\u201d, coordinado por Cecilia R\u00e9, referente en estudios de g\u00e9nero de la provincia de C\u00f3rdoba.<\/p>\n<p>El 11 de marzo, adem\u00e1s de la actuaci\u00f3n de Danzamble, la mesa de trabajo para la implementaci\u00f3n de la \u201cLey Micaela\u201d, presentar\u00e1 el cronograma de capacitaciones para 2020, a las 16 hs.<\/p>\n<p>Con respecto a las sedes, en Villa del Rosario, el mi\u00e9rcoles 18 de marzo, a las 18 hs. habr\u00e1 un conversatorio, bajo el t\u00edtulo: \u201c\u00bfQu\u00e9 es el feminismo? Reflexiones y di\u00e1logos en torno a un impertinente\u201d, a cargo de Bel\u00e9n Maldonado. En San Francisco y C\u00f3rdoba tambi\u00e9n se preveen actividades con din\u00e1micas de talleres y conversatorios.<\/p>\n<\/div>\n","protected":false},"excerpt":{"rendered":"<p>El elenco estable del Instituto de Extensi\u00f3n, presentar\u00e1 \u201cMemorias de la Resistencia II\u201d, en el marco de las actividades que realizar\u00e1 la Universidad Nacional Villa Mar\u00eda (UNVM) por el 8M. El grupo de danza contempor\u00e1nea, Danzamble, presentar\u00e1 la perfomance \u00abMemorias de la Resistencia II\u00bb, que tendr\u00e1 lugar el pr\u00f3ximo 11 de marzo a las 14 [&hellip;]<\/p>\n","protected":false},"author":12,"featured_media":11074,"comment_status":"closed","ping_status":"closed","sticky":false,"template":"","format":"standard","meta":{"_exactmetrics_skip_tracking":false,"_exactmetrics_sitenote_active":false,"_exactmetrics_sitenote_note":"","_exactmetrics_sitenote_category":0,"footnotes":""},"categories":[2],"tags":[],"class_list":["post-11069","post","type-post","status-publish","format-standard","has-post-thumbnail","hentry","category-novedades"],"_links":{"self":[{"href":"https:\/\/extension.unvm.edu.ar\/index.php?rest_route=\/wp\/v2\/posts\/11069"}],"collection":[{"href":"https:\/\/extension.unvm.edu.ar\/index.php?rest_route=\/wp\/v2\/posts"}],"about":[{"href":"https:\/\/extension.unvm.edu.ar\/index.php?rest_route=\/wp\/v2\/types\/post"}],"author":[{"embeddable":true,"href":"https:\/\/extension.unvm.edu.ar\/index.php?rest_route=\/wp\/v2\/users\/12"}],"replies":[{"embeddable":true,"href":"https:\/\/extension.unvm.edu.ar\/index.php?rest_route=%2Fwp%2Fv2%2Fcomments&post=11069"}],"version-history":[{"count":10,"href":"https:\/\/extension.unvm.edu.ar\/index.php?rest_route=\/wp\/v2\/posts\/11069\/revisions"}],"predecessor-version":[{"id":11091,"href":"https:\/\/extension.unvm.edu.ar\/index.php?rest_route=\/wp\/v2\/posts\/11069\/revisions\/11091"}],"wp:featuredmedia":[{"embeddable":true,"href":"https:\/\/extension.unvm.edu.ar\/index.php?rest_route=\/wp\/v2\/media\/11074"}],"wp:attachment":[{"href":"https:\/\/extension.unvm.edu.ar\/index.php?rest_route=%2Fwp%2Fv2%2Fmedia&parent=11069"}],"wp:term":[{"taxonomy":"category","embeddable":true,"href":"https:\/\/extension.unvm.edu.ar\/index.php?rest_route=%2Fwp%2Fv2%2Fcategories&post=11069"},{"taxonomy":"post_tag","embeddable":true,"href":"https:\/\/extension.unvm.edu.ar\/index.php?rest_route=%2Fwp%2Fv2%2Ftags&post=11069"}],"curies":[{"name":"wp","href":"https:\/\/api.w.org\/{rel}","templated":true}]}}