{"id":11061,"date":"2020-03-03T16:52:45","date_gmt":"2020-03-03T16:52:45","guid":{"rendered":"http:\/\/extension.unvm.edu.ar\/?p=11061"},"modified":"2020-03-03T16:52:56","modified_gmt":"2020-03-03T16:52:56","slug":"se-llevo-a-cabo-la-primera-reunion-ano-2020-del-consejo-social-de-la-unvm","status":"publish","type":"post","link":"https:\/\/extension.unvm.edu.ar\/?p=11061","title":{"rendered":"Se llev\u00f3 a cabo la primera reuni\u00f3n a\u00f1o 2020, del Consejo Social de la UNVM"},"content":{"rendered":"<div align=\"justify\">\n<p><em>El encuentro tuvo lugar en la sala del Consejo Superior del Rectorado. Integrado por autoridades de la casa de altos estudios y m\u00e1s de veinte representantes de instituciones y organizaciones de la ciudad.<\/em><\/p>\n<p>Se realiz\u00f3 la primera reuni\u00f3n a\u00f1o 2020 del Consejo Social de la Universidad Nacional Villa Mar\u00eda (UNVM), el pasado lunes en la sala del Consejo Superior del Rectorado, integrada por m\u00e1s de veinte representantes de organismos gubernamentales, entidades educativas, civiles, comerciales, industriales, de servicios, as\u00ed como por organizaciones gremiales, profesionales y culturales de nuestro departamento y la regi\u00f3n.<\/p>\n<p>En dicha reuni\u00f3n estuvieron presentes, el rector de la UNVM, abogado Luis Negretti, la vicerrectora, magister Elizabeth Theiler, la directora del Instituto de Extensi\u00f3n, licenciada Gabriela Redondo y el coordinador de la Comisi\u00f3n de Autoevaluaci\u00f3n Institucional de la UNVM, abogado Aldo Paredes.<\/p>\n<p>Cabe mencionar, que en dicho encuentro se conform\u00f3 la representaci\u00f3n del Consejo ante la comisi\u00f3n institucional de la UNVM. Al respecto, la vicerrectora coment\u00f3 que es una gran responsabilidad y compromiso el \u201cmantener activo el espacio\u201d. A su vez, afirm\u00f3: \u201cEl Consejo Social se trata de una representaci\u00f3n del todo, se constituye como la oportunidad de representar la sociedad dentro de la comunidad universitaria con un espacio en el Consejo Superior\u201d.<\/p>\n<p>Por \u00faltimo, se dej\u00f3 planteada la recepci\u00f3n de propuestas vinculadas a la celebraci\u00f3n del 25\u00b0 Aniversario de la Universidad.<\/p>\n<\/div>\n","protected":false},"excerpt":{"rendered":"<p>El encuentro tuvo lugar en la sala del Consejo Superior del Rectorado. Integrado por autoridades de la casa de altos estudios y m\u00e1s de veinte representantes de instituciones y organizaciones de la ciudad. Se realiz\u00f3 la primera reuni\u00f3n a\u00f1o 2020 del Consejo Social de la Universidad Nacional Villa Mar\u00eda (UNVM), el pasado lunes en la [&hellip;]<\/p>\n","protected":false},"author":12,"featured_media":11063,"comment_status":"closed","ping_status":"closed","sticky":false,"template":"","format":"standard","meta":{"_exactmetrics_skip_tracking":false,"_exactmetrics_sitenote_active":false,"_exactmetrics_sitenote_note":"","_exactmetrics_sitenote_category":0,"footnotes":""},"categories":[2],"tags":[],"class_list":["post-11061","post","type-post","status-publish","format-standard","has-post-thumbnail","hentry","category-novedades"],"_links":{"self":[{"href":"https:\/\/extension.unvm.edu.ar\/index.php?rest_route=\/wp\/v2\/posts\/11061"}],"collection":[{"href":"https:\/\/extension.unvm.edu.ar\/index.php?rest_route=\/wp\/v2\/posts"}],"about":[{"href":"https:\/\/extension.unvm.edu.ar\/index.php?rest_route=\/wp\/v2\/types\/post"}],"author":[{"embeddable":true,"href":"https:\/\/extension.unvm.edu.ar\/index.php?rest_route=\/wp\/v2\/users\/12"}],"replies":[{"embeddable":true,"href":"https:\/\/extension.unvm.edu.ar\/index.php?rest_route=%2Fwp%2Fv2%2Fcomments&post=11061"}],"version-history":[{"count":5,"href":"https:\/\/extension.unvm.edu.ar\/index.php?rest_route=\/wp\/v2\/posts\/11061\/revisions"}],"predecessor-version":[{"id":11073,"href":"https:\/\/extension.unvm.edu.ar\/index.php?rest_route=\/wp\/v2\/posts\/11061\/revisions\/11073"}],"wp:featuredmedia":[{"embeddable":true,"href":"https:\/\/extension.unvm.edu.ar\/index.php?rest_route=\/wp\/v2\/media\/11063"}],"wp:attachment":[{"href":"https:\/\/extension.unvm.edu.ar\/index.php?rest_route=%2Fwp%2Fv2%2Fmedia&parent=11061"}],"wp:term":[{"taxonomy":"category","embeddable":true,"href":"https:\/\/extension.unvm.edu.ar\/index.php?rest_route=%2Fwp%2Fv2%2Fcategories&post=11061"},{"taxonomy":"post_tag","embeddable":true,"href":"https:\/\/extension.unvm.edu.ar\/index.php?rest_route=%2Fwp%2Fv2%2Ftags&post=11061"}],"curies":[{"name":"wp","href":"https:\/\/api.w.org\/{rel}","templated":true}]}}