{"id":11038,"date":"2020-02-28T13:53:31","date_gmt":"2020-02-28T13:53:31","guid":{"rendered":"http:\/\/extension.unvm.edu.ar\/?p=11038"},"modified":"2020-02-28T14:21:00","modified_gmt":"2020-02-28T14:21:00","slug":"guadal-abre-convocatoria-para-instrumentos-y-voz","status":"publish","type":"post","link":"https:\/\/extension.unvm.edu.ar\/?p=11038","title":{"rendered":"Guadal llama a convocatoria 2020"},"content":{"rendered":"<div align=\"justify\">\n<p><em>El Elenco estable de la UNVM convoca para cubrir suplencias durante el corriente a\u00f1o. El cierre de inscripciones ser\u00e1 el 23 de marzo.<\/em><\/p>\n<p>Guadal, abri\u00f3 convocatoria para cubrir suplencias durante el corriente a\u00f1o para instrumento mel\u00f3dico: viol\u00edn, flauta, clarinete o aer\u00f3fonos andinos y voz femenina y percusi\u00f3n. Cabe mencionar que el cierre de inscripciones es el 23 de marzo. Las audiciones ser\u00e1n el 26 de marzo, a las 10 hs., en el Instituto de Extensi\u00f3n.<\/p>\n<p>Asimismo, se ofrecen otras propuestas para audicionar en los grupos art\u00edsticos que pertenecen al Instituto.\u00a0En lo que respecta a Danzamble, las audiciones ser\u00e1n el lunes 2 de marzo, a las 20:00 hs., en el auditorio del Instituto de Extensi\u00f3n (Santiago del Estero 1635). Las condiciones para las mismas, son las siguientes, deben ser mayores de 18 a\u00f1os, tener disponibilidad horaria y experiencia esc\u00e9nica.<\/p>\n<p>Por su parte, el Coro Nonino tendr\u00e1 sus audiciones el mi\u00e9rcoles 4 y lunes 9 de marzo, a las 20:00hs., en el auditorio del Instituto. Los requisitos son: disponibilidad horaria, buena afinaci\u00f3n y preparar una canci\u00f3n sin acompa\u00f1amiento instrumental para ese d\u00eda.<\/p>\n<p>Los lunes 9 y 16 de marzo, de 16 a 18 hs., en el auditorio del Instituto, tendr\u00e1 lugar el CORAM. El coro, integrado por adultos mayores a partir de 60 a\u00f1os, tiene como \u00fanico requisito llevar una canci\u00f3n elegida a gusto para cantar.<\/p>\n<p>Haciendo referencia al grupo de teatro La Comedia, el encuentro ser\u00e1 el martes 10 de marzo en el Instituto a las 20:00hs. A modo de condici\u00f3n se deber\u00e1 contar con alguna experiencia en actuaci\u00f3n.<\/p>\n<p>El espacio del Ballet Folkl\u00f3rico Universitario ser\u00e1 el martes 11 de marzo, a las 20:30 hs., en el auditorio del Instituto. Para poder audicionar, debes ser mayor de 18 a\u00f1os, tener experiencia en danzas folkl\u00f3ricas y asistir con ropa de ensayo y pa\u00f1uelo.<\/p>\n<p>En lo que respecta al Coro de Ni\u00f1os y Ni\u00f1as, deben tener entre 8 (cursando 4to grado) a 14 a\u00f1os, vivir en Villa Mar\u00eda, Villa Nueva o zona cercana. Las audiciones ser\u00e1n el lunes 23 y jueves 26 de marzo, de 19 a 20:30 hs., en el auditorio del Instituto.<\/p>\n<p>La Orquesta Escuela de Tango La Cabulera, realizar\u00e1 sus audiciones el lunes 30 de marzo, en el auditorio del Rectorado a las 19 hs. Los puestos vacantes a cubrir son viol\u00edn, viola, cello, piano, contrabajo y bandone\u00f3n.<\/p>\n<div>Cabe mencionar que cada elenco, notificar\u00e1 a las personas seleccionadas de las audiciones<span style=\"color: #696969; font-family: Open Sans, HelveticaNeue, Helvetica Neue, Helvetica, Arial, sans-serif;\">.<\/span><\/div>\n<\/div>\n","protected":false},"excerpt":{"rendered":"<p>El Elenco estable de la UNVM convoca para cubrir suplencias durante el corriente a\u00f1o. El cierre de inscripciones ser\u00e1 el 23 de marzo. Guadal, abri\u00f3 convocatoria para cubrir suplencias durante el corriente a\u00f1o para instrumento mel\u00f3dico: viol\u00edn, flauta, clarinete o aer\u00f3fonos andinos y voz femenina y percusi\u00f3n. Cabe mencionar que el cierre de inscripciones es [&hellip;]<\/p>\n","protected":false},"author":12,"featured_media":10831,"comment_status":"closed","ping_status":"closed","sticky":false,"template":"","format":"standard","meta":{"_exactmetrics_skip_tracking":false,"_exactmetrics_sitenote_active":false,"_exactmetrics_sitenote_note":"","_exactmetrics_sitenote_category":0,"footnotes":""},"categories":[2],"tags":[],"class_list":["post-11038","post","type-post","status-publish","format-standard","has-post-thumbnail","hentry","category-novedades"],"_links":{"self":[{"href":"https:\/\/extension.unvm.edu.ar\/index.php?rest_route=\/wp\/v2\/posts\/11038"}],"collection":[{"href":"https:\/\/extension.unvm.edu.ar\/index.php?rest_route=\/wp\/v2\/posts"}],"about":[{"href":"https:\/\/extension.unvm.edu.ar\/index.php?rest_route=\/wp\/v2\/types\/post"}],"author":[{"embeddable":true,"href":"https:\/\/extension.unvm.edu.ar\/index.php?rest_route=\/wp\/v2\/users\/12"}],"replies":[{"embeddable":true,"href":"https:\/\/extension.unvm.edu.ar\/index.php?rest_route=%2Fwp%2Fv2%2Fcomments&post=11038"}],"version-history":[{"count":9,"href":"https:\/\/extension.unvm.edu.ar\/index.php?rest_route=\/wp\/v2\/posts\/11038\/revisions"}],"predecessor-version":[{"id":11065,"href":"https:\/\/extension.unvm.edu.ar\/index.php?rest_route=\/wp\/v2\/posts\/11038\/revisions\/11065"}],"wp:featuredmedia":[{"embeddable":true,"href":"https:\/\/extension.unvm.edu.ar\/index.php?rest_route=\/wp\/v2\/media\/10831"}],"wp:attachment":[{"href":"https:\/\/extension.unvm.edu.ar\/index.php?rest_route=%2Fwp%2Fv2%2Fmedia&parent=11038"}],"wp:term":[{"taxonomy":"category","embeddable":true,"href":"https:\/\/extension.unvm.edu.ar\/index.php?rest_route=%2Fwp%2Fv2%2Fcategories&post=11038"},{"taxonomy":"post_tag","embeddable":true,"href":"https:\/\/extension.unvm.edu.ar\/index.php?rest_route=%2Fwp%2Fv2%2Ftags&post=11038"}],"curies":[{"name":"wp","href":"https:\/\/api.w.org\/{rel}","templated":true}]}}