{"id":10999,"date":"2020-02-21T12:45:22","date_gmt":"2020-02-21T12:45:22","guid":{"rendered":"http:\/\/extension.unvm.edu.ar\/?p=10999"},"modified":"2020-02-21T12:51:50","modified_gmt":"2020-02-21T12:51:50","slug":"se-presentaron-68-propuestas-para-el-peuam-2020","status":"publish","type":"post","link":"https:\/\/extension.unvm.edu.ar\/?p=10999","title":{"rendered":"Se presentaron 68 propuestas para el PEUAM 2020"},"content":{"rendered":"<div align=\"justify\">\n<p><em>Finaliz\u00f3 la presentaci\u00f3n de proyectos para el programa perteneciente al Instituto de Extensi\u00f3n. Los mismos pasaron a instancia de evaluaci\u00f3n hasta el 21 de febrero y la realizaci\u00f3n de entrevistas de los seleccionados, ser\u00e1 del 26 al 6 de marzo.<\/em><\/p>\n<p>El Programa de Extensi\u00f3n Universitaria para Adultos Mayores (PEUAM), perteneciente al Instituto de Extensi\u00f3n de la Universidad Nacional Villa Mar\u00eda (UNVM), convoc\u00f3 a la comunidad a presentar proyectos de modalidad anual, de los cuales se presentaron 68 que pasaron a instancias de evaluaci\u00f3n.<\/p>\n<p>Cabe mencionar que el pr\u00f3ximo mi\u00e9rcoles 26 ser\u00e1 la realizaci\u00f3n de entrevistas a los\/as seleccionados\/as, hasta el 6 de marzo. Se notificar\u00e1n los resultados del 9 al 13 de marzo, comenzando las actividades el mi\u00e9rcoles 1 de abril hasta noviembre inclusive.<\/p>\n<p>Por su parte, los proyectos a presentarse debieron reunir diversas caracter\u00edsticas.\u00a0En lo que respecta al\/la tallerista, debe realizar facturaci\u00f3n mensual como responsable de monotributo; tener disponibilidad de 2 horas semanales para los talleres; poseer disponibilidad para participar de reuniones de equipo obligatorias, actividades o diferentes intervenciones que surjan de las acciones de la Direcci\u00f3n de Desarrollo Social y Cultural.<\/p>\n<p>Por \u00faltimo, con respecto al PEUAM, es un programa que atiende la prevenci\u00f3n de factores que influyen en el fen\u00f3meno del envejecimiento. Es una pol\u00edtica educativa con estrategias de intervenci\u00f3n que permiten la inclusi\u00f3n del adulto mayor en proyectos de prevenci\u00f3n, capacitaci\u00f3n, formaci\u00f3n y fortalecimiento de nuevos v\u00ednculos socio-afectivos.<\/p>\n<\/div>\n","protected":false},"excerpt":{"rendered":"<p>Finaliz\u00f3 la presentaci\u00f3n de proyectos para el programa perteneciente al Instituto de Extensi\u00f3n. Los mismos pasaron a instancia de evaluaci\u00f3n hasta el 21 de febrero y la realizaci\u00f3n de entrevistas de los seleccionados, ser\u00e1 del 26 al 6 de marzo. El Programa de Extensi\u00f3n Universitaria para Adultos Mayores (PEUAM), perteneciente al Instituto de Extensi\u00f3n de [&hellip;]<\/p>\n","protected":false},"author":12,"featured_media":11009,"comment_status":"closed","ping_status":"closed","sticky":false,"template":"","format":"standard","meta":{"_exactmetrics_skip_tracking":false,"_exactmetrics_sitenote_active":false,"_exactmetrics_sitenote_note":"","_exactmetrics_sitenote_category":0,"footnotes":""},"categories":[2],"tags":[],"class_list":["post-10999","post","type-post","status-publish","format-standard","has-post-thumbnail","hentry","category-novedades"],"_links":{"self":[{"href":"https:\/\/extension.unvm.edu.ar\/index.php?rest_route=\/wp\/v2\/posts\/10999"}],"collection":[{"href":"https:\/\/extension.unvm.edu.ar\/index.php?rest_route=\/wp\/v2\/posts"}],"about":[{"href":"https:\/\/extension.unvm.edu.ar\/index.php?rest_route=\/wp\/v2\/types\/post"}],"author":[{"embeddable":true,"href":"https:\/\/extension.unvm.edu.ar\/index.php?rest_route=\/wp\/v2\/users\/12"}],"replies":[{"embeddable":true,"href":"https:\/\/extension.unvm.edu.ar\/index.php?rest_route=%2Fwp%2Fv2%2Fcomments&post=10999"}],"version-history":[{"count":8,"href":"https:\/\/extension.unvm.edu.ar\/index.php?rest_route=\/wp\/v2\/posts\/10999\/revisions"}],"predecessor-version":[{"id":11029,"href":"https:\/\/extension.unvm.edu.ar\/index.php?rest_route=\/wp\/v2\/posts\/10999\/revisions\/11029"}],"wp:featuredmedia":[{"embeddable":true,"href":"https:\/\/extension.unvm.edu.ar\/index.php?rest_route=\/wp\/v2\/media\/11009"}],"wp:attachment":[{"href":"https:\/\/extension.unvm.edu.ar\/index.php?rest_route=%2Fwp%2Fv2%2Fmedia&parent=10999"}],"wp:term":[{"taxonomy":"category","embeddable":true,"href":"https:\/\/extension.unvm.edu.ar\/index.php?rest_route=%2Fwp%2Fv2%2Fcategories&post=10999"},{"taxonomy":"post_tag","embeddable":true,"href":"https:\/\/extension.unvm.edu.ar\/index.php?rest_route=%2Fwp%2Fv2%2Ftags&post=10999"}],"curies":[{"name":"wp","href":"https:\/\/api.w.org\/{rel}","templated":true}]}}