{"id":10983,"date":"2020-02-20T17:03:34","date_gmt":"2020-02-20T17:03:34","guid":{"rendered":"http:\/\/extension.unvm.edu.ar\/?p=10983"},"modified":"2020-02-21T15:07:42","modified_gmt":"2020-02-21T15:07:42","slug":"unipymes-convoca-a-estudiantes-de-la-unvm","status":"publish","type":"post","link":"https:\/\/extension.unvm.edu.ar\/?p=10983","title":{"rendered":"Unipymes convoca a estudiantes de la UNVM"},"content":{"rendered":"<div align=\"justify\">\n<p><em>Est\u00e1 dirigida a alumnos\/as avanzados\/as de las carreras de Cs. Econ\u00f3micas y Lic. en Desarrollo Local y Regional. El per\u00edodo de inscripci\u00f3n es hasta el 15 de marzo.<\/em><\/p>\n<p>La Direcci\u00f3n de Transferencia Cient\u00edfico-Tecnol\u00f3gica, del Instituto de Extensi\u00f3n, convoca a formar parte del equipo de trabajo de Incubadora de Empresas y Ventanilla del Emprendedor, que forman parte del programa UniPymes<\/p>\n<p>El per\u00edodo de inscripci\u00f3n es hasta el 15 de marzo. Con respecto a los requisitos, deben tener regularizado el tercer a\u00f1o completo. Adem\u00e1s, tener aprobado: Contabilidad Gerencial (Lic. Administraci\u00f3n) y Contabilidad de Costos (Contador P\u00fablico).<\/p>\n<p>Es importante mencionar que, Incubadora de Empresas, tiene como objetivo promover la emergencia y el desarrollo de emprendimientos din\u00e1micos. La misma, brinda servicios de capacitaci\u00f3n, creaci\u00f3n y vinculaci\u00f3n de modelos de negocios, gesti\u00f3n de financiamiento, asesor\u00eda en propiedad intelectual y asistencia personalizada.<\/p>\n<p>Por su parte, Ventanilla del Emprendedor es un programa destinado a la asesor\u00eda y asistencia t\u00e9cnica de emprendimientos de Villa Mar\u00eda y la regi\u00f3n. A trav\u00e9s de un equipo integrado por alumnos\/as avanzados\/as y con el apoyo de docentes experimentados en la asesor\u00eda profesional, se provee seguimiento y acompa\u00f1amiento de los emprendimientos, a la vez que se los capacita y asiste.<\/p>\n<p>Los\/as interesados\/as pueden enviar su CV a <a href=\"mailto:transferenciaunvm@gmail.com\">transferenciaunvm@gmail.com<\/a><\/p>\n<\/div>\n","protected":false},"excerpt":{"rendered":"<p>Est\u00e1 dirigida a alumnos\/as avanzados\/as de las carreras de Cs. Econ\u00f3micas y Lic. en Desarrollo Local y Regional. El per\u00edodo de inscripci\u00f3n es hasta el 15 de marzo. La Direcci\u00f3n de Transferencia Cient\u00edfico-Tecnol\u00f3gica, del Instituto de Extensi\u00f3n, convoca a formar parte del equipo de trabajo de Incubadora de Empresas y Ventanilla del Emprendedor, que forman [&hellip;]<\/p>\n","protected":false},"author":12,"featured_media":10984,"comment_status":"closed","ping_status":"closed","sticky":false,"template":"","format":"standard","meta":{"_exactmetrics_skip_tracking":false,"_exactmetrics_sitenote_active":false,"_exactmetrics_sitenote_note":"","_exactmetrics_sitenote_category":0,"footnotes":""},"categories":[2],"tags":[],"class_list":["post-10983","post","type-post","status-publish","format-standard","has-post-thumbnail","hentry","category-novedades"],"_links":{"self":[{"href":"https:\/\/extension.unvm.edu.ar\/index.php?rest_route=\/wp\/v2\/posts\/10983"}],"collection":[{"href":"https:\/\/extension.unvm.edu.ar\/index.php?rest_route=\/wp\/v2\/posts"}],"about":[{"href":"https:\/\/extension.unvm.edu.ar\/index.php?rest_route=\/wp\/v2\/types\/post"}],"author":[{"embeddable":true,"href":"https:\/\/extension.unvm.edu.ar\/index.php?rest_route=\/wp\/v2\/users\/12"}],"replies":[{"embeddable":true,"href":"https:\/\/extension.unvm.edu.ar\/index.php?rest_route=%2Fwp%2Fv2%2Fcomments&post=10983"}],"version-history":[{"count":7,"href":"https:\/\/extension.unvm.edu.ar\/index.php?rest_route=\/wp\/v2\/posts\/10983\/revisions"}],"predecessor-version":[{"id":11017,"href":"https:\/\/extension.unvm.edu.ar\/index.php?rest_route=\/wp\/v2\/posts\/10983\/revisions\/11017"}],"wp:featuredmedia":[{"embeddable":true,"href":"https:\/\/extension.unvm.edu.ar\/index.php?rest_route=\/wp\/v2\/media\/10984"}],"wp:attachment":[{"href":"https:\/\/extension.unvm.edu.ar\/index.php?rest_route=%2Fwp%2Fv2%2Fmedia&parent=10983"}],"wp:term":[{"taxonomy":"category","embeddable":true,"href":"https:\/\/extension.unvm.edu.ar\/index.php?rest_route=%2Fwp%2Fv2%2Fcategories&post=10983"},{"taxonomy":"post_tag","embeddable":true,"href":"https:\/\/extension.unvm.edu.ar\/index.php?rest_route=%2Fwp%2Fv2%2Ftags&post=10983"}],"curies":[{"name":"wp","href":"https:\/\/api.w.org\/{rel}","templated":true}]}}