{"id":10971,"date":"2020-02-20T16:01:27","date_gmt":"2020-02-20T16:01:27","guid":{"rendered":"http:\/\/extension.unvm.edu.ar\/?p=10971"},"modified":"2020-02-21T12:35:03","modified_gmt":"2020-02-21T12:35:03","slug":"reuniones-de-vinculacion-y-socializacion","status":"publish","type":"post","link":"https:\/\/extension.unvm.edu.ar\/?p=10971","title":{"rendered":"Reuniones de vinculaci\u00f3n y socializaci\u00f3n"},"content":{"rendered":"<div align=\"justify\">\n<p><em>En el transcurso de la semana, la directora del Instituto de Extensi\u00f3n, Gabriela Redondo particip\u00f3 de dos reuniones con representantes de entidades de General Deheza y C\u00f3rdoba.<\/em><\/p>\n<p>En primer lugar, el Secretario de Cultura de General Deheza, Ariel Rodr\u00edguez, visit\u00f3 el Instituto de Extensi\u00f3n de la Universidad Nacional Villa Mar\u00eda (UNVM). Se reuni\u00f3 con la directora, Gabriela Redondo para planificar, desde la UNVM, un plan integral de abordaje pedag\u00f3gico de capacitaciones sobre perfeccionamiento de pr\u00e1cticas art\u00edsticas-culturales, para dictarse en la localidad de Deheza.<\/p>\n<p>Cabe recordar, que la municipalidad de la localidad vecina y la Universidad, firmaron un Convenio Marco de cooperaci\u00f3n y complementaci\u00f3n.<\/p>\n<p>Por otra parte, Redondo se reuni\u00f3 con el coordinador de la Diplomatura en Pol\u00edticas Culturales para el desarrollo, de la Universidad Nacional de C\u00f3rdoba (UNC), Franco Mora, para proyectar una red de colaboraci\u00f3n entre ambas instituciones educativas. Asimismo, esta Diplomatura es conjunta entre la Facultad de Artes y la Facultad de Ciencias Sociales de la UNC.<\/p>\n<\/div>\n","protected":false},"excerpt":{"rendered":"<p>En el transcurso de la semana, la directora del Instituto de Extensi\u00f3n, Gabriela Redondo particip\u00f3 de dos reuniones con representantes de entidades de General Deheza y C\u00f3rdoba. En primer lugar, el Secretario de Cultura de General Deheza, Ariel Rodr\u00edguez, visit\u00f3 el Instituto de Extensi\u00f3n de la Universidad Nacional Villa Mar\u00eda (UNVM). Se reuni\u00f3 con la [&hellip;]<\/p>\n","protected":false},"author":12,"featured_media":10976,"comment_status":"closed","ping_status":"closed","sticky":false,"template":"","format":"standard","meta":{"_exactmetrics_skip_tracking":false,"_exactmetrics_sitenote_active":false,"_exactmetrics_sitenote_note":"","_exactmetrics_sitenote_category":0,"footnotes":""},"categories":[2],"tags":[],"class_list":["post-10971","post","type-post","status-publish","format-standard","has-post-thumbnail","hentry","category-novedades"],"_links":{"self":[{"href":"https:\/\/extension.unvm.edu.ar\/index.php?rest_route=\/wp\/v2\/posts\/10971"}],"collection":[{"href":"https:\/\/extension.unvm.edu.ar\/index.php?rest_route=\/wp\/v2\/posts"}],"about":[{"href":"https:\/\/extension.unvm.edu.ar\/index.php?rest_route=\/wp\/v2\/types\/post"}],"author":[{"embeddable":true,"href":"https:\/\/extension.unvm.edu.ar\/index.php?rest_route=\/wp\/v2\/users\/12"}],"replies":[{"embeddable":true,"href":"https:\/\/extension.unvm.edu.ar\/index.php?rest_route=%2Fwp%2Fv2%2Fcomments&post=10971"}],"version-history":[{"count":6,"href":"https:\/\/extension.unvm.edu.ar\/index.php?rest_route=\/wp\/v2\/posts\/10971\/revisions"}],"predecessor-version":[{"id":11008,"href":"https:\/\/extension.unvm.edu.ar\/index.php?rest_route=\/wp\/v2\/posts\/10971\/revisions\/11008"}],"wp:featuredmedia":[{"embeddable":true,"href":"https:\/\/extension.unvm.edu.ar\/index.php?rest_route=\/wp\/v2\/media\/10976"}],"wp:attachment":[{"href":"https:\/\/extension.unvm.edu.ar\/index.php?rest_route=%2Fwp%2Fv2%2Fmedia&parent=10971"}],"wp:term":[{"taxonomy":"category","embeddable":true,"href":"https:\/\/extension.unvm.edu.ar\/index.php?rest_route=%2Fwp%2Fv2%2Fcategories&post=10971"},{"taxonomy":"post_tag","embeddable":true,"href":"https:\/\/extension.unvm.edu.ar\/index.php?rest_route=%2Fwp%2Fv2%2Ftags&post=10971"}],"curies":[{"name":"wp","href":"https:\/\/api.w.org\/{rel}","templated":true}]}}