{"id":10851,"date":"2020-02-17T14:16:34","date_gmt":"2020-02-17T14:16:34","guid":{"rendered":"http:\/\/extension.unvm.edu.ar\/?p=10851"},"modified":"2020-02-17T14:39:00","modified_gmt":"2020-02-17T14:39:00","slug":"la-unvm-se-sumo-al-programa-provincial-tutores-pares","status":"publish","type":"post","link":"https:\/\/extension.unvm.edu.ar\/?p=10851","title":{"rendered":"La UNVM se sum\u00f3 al Programa Provincial Tutores Pares"},"content":{"rendered":"<div align=\"justify\">\n<p><em>Autoridades de la alta casa de estudios, se reunieron con representantes de la Agencia C\u00f3rdoba Joven para firmar un convenio de articulaci\u00f3n sobre la iniciativa que selecciona a estudiantes que acompa\u00f1an y facilitan la inserci\u00f3n de los ingresantes universitarios.<\/em><\/p>\n<p>A trav\u00e9s de la Agencia C\u00f3rdoba Joven, la Universidad Nacional Villa Mar\u00eda (UNVM) se sum\u00f3 por segundo a\u00f1o consecutivo al Programa Provincial Tutores Pares. La iniciativa fomenta el compromiso que deben asumir los estudiantes universitarios avanzados, para acompa\u00f1ar y facilitar la inserci\u00f3n de los ingresantes, adem\u00e1s apunta a disminuir los factores que inciden en la deserci\u00f3n universitaria temprana.<\/p>\n<p>El pasado jueves, se realiz\u00f3 una reuni\u00f3n en la que estuvieron presentes la directora del Instituto de Extensi\u00f3n, lic. Gabriela Redondo, el secretario acad\u00e9mico, mgter. Javier D\u00edaz Araujo, la secretaria de Bienestar, lic. Marcela Pozzi Vieyra, junto a el presidente de la Agencia C\u00f3rdoba Joven, Mat\u00edas Anconetani, la vicepresidenta, Mar\u00eda Luz Gordillo y el vocal de directorio, Germ\u00e1n Stropa, para firmar un convenio de articulaci\u00f3n entre el espacio institucional y la universidad.<\/p>\n<p><strong>En qu\u00e9 consiste el programa:<\/strong><\/p>\n<p>Se trata de tutor\u00edas que est\u00e1n orientadas a estudiantes del primer a\u00f1o de cursado a trav\u00e9s del desarrollo de herramientas que les permitir\u00e1n tomar decisiones de forma aut\u00f3noma y responsable sobre su proceso de formaci\u00f3n acad\u00e9mica y personal.<\/p>\n<p>Los tutores, que fueron seleccionados a trav\u00e9s de un mecanismo de admisi\u00f3n, aportar\u00e1n un acompa\u00f1amiento en esta etapa fundamental para asegurar la permanencia en el trayecto educativo hacia la culminaci\u00f3n de su formaci\u00f3n acad\u00e9mica y profesional.<\/p>\n<p>Se trata de estudiantes avanzados, que deben tener aprobado como m\u00ednimo el tercer a\u00f1o de la carrera, acreditar participaci\u00f3n en proyectos de \u00edndole socio-comunitaria y demostrar distintas capacidades, tales como habilidades tales como habilidades de comunicaci\u00f3n interpersonal, empat\u00eda, conducta \u00e9tica, liderazgo, capacidad de superaci\u00f3n, veracidad, confiabilidad, criterio y esp\u00edritu de servicio, seg\u00fan establece el reglamento del programa.<\/p>\n<p>Esta iniciativa de la Agencia C\u00f3rdoba Joven permitir\u00e1 que los estudiantes de los primeros a\u00f1os de cursado puedan tomar decisiones de forma aut\u00f3noma y responsable sobre su proceso de formaci\u00f3n acad\u00e9mica y personal.<\/p>\n<\/div>\n","protected":false},"excerpt":{"rendered":"<p>Autoridades de la alta casa de estudios, se reunieron con representantes de la Agencia C\u00f3rdoba Joven para firmar un convenio de articulaci\u00f3n sobre la iniciativa que selecciona a estudiantes que acompa\u00f1an y facilitan la inserci\u00f3n de los ingresantes universitarios. A trav\u00e9s de la Agencia C\u00f3rdoba Joven, la Universidad Nacional Villa Mar\u00eda (UNVM) se sum\u00f3 por [&hellip;]<\/p>\n","protected":false},"author":12,"featured_media":10864,"comment_status":"closed","ping_status":"closed","sticky":false,"template":"","format":"standard","meta":{"_exactmetrics_skip_tracking":false,"_exactmetrics_sitenote_active":false,"_exactmetrics_sitenote_note":"","_exactmetrics_sitenote_category":0,"footnotes":""},"categories":[2],"tags":[],"class_list":["post-10851","post","type-post","status-publish","format-standard","has-post-thumbnail","hentry","category-novedades"],"_links":{"self":[{"href":"https:\/\/extension.unvm.edu.ar\/index.php?rest_route=\/wp\/v2\/posts\/10851"}],"collection":[{"href":"https:\/\/extension.unvm.edu.ar\/index.php?rest_route=\/wp\/v2\/posts"}],"about":[{"href":"https:\/\/extension.unvm.edu.ar\/index.php?rest_route=\/wp\/v2\/types\/post"}],"author":[{"embeddable":true,"href":"https:\/\/extension.unvm.edu.ar\/index.php?rest_route=\/wp\/v2\/users\/12"}],"replies":[{"embeddable":true,"href":"https:\/\/extension.unvm.edu.ar\/index.php?rest_route=%2Fwp%2Fv2%2Fcomments&post=10851"}],"version-history":[{"count":5,"href":"https:\/\/extension.unvm.edu.ar\/index.php?rest_route=\/wp\/v2\/posts\/10851\/revisions"}],"predecessor-version":[{"id":10975,"href":"https:\/\/extension.unvm.edu.ar\/index.php?rest_route=\/wp\/v2\/posts\/10851\/revisions\/10975"}],"wp:featuredmedia":[{"embeddable":true,"href":"https:\/\/extension.unvm.edu.ar\/index.php?rest_route=\/wp\/v2\/media\/10864"}],"wp:attachment":[{"href":"https:\/\/extension.unvm.edu.ar\/index.php?rest_route=%2Fwp%2Fv2%2Fmedia&parent=10851"}],"wp:term":[{"taxonomy":"category","embeddable":true,"href":"https:\/\/extension.unvm.edu.ar\/index.php?rest_route=%2Fwp%2Fv2%2Fcategories&post=10851"},{"taxonomy":"post_tag","embeddable":true,"href":"https:\/\/extension.unvm.edu.ar\/index.php?rest_route=%2Fwp%2Fv2%2Ftags&post=10851"}],"curies":[{"name":"wp","href":"https:\/\/api.w.org\/{rel}","templated":true}]}}