{"id":10781,"date":"2020-02-12T14:44:26","date_gmt":"2020-02-12T14:44:26","guid":{"rendered":"http:\/\/extension.unvm.edu.ar\/?p=10781"},"modified":"2020-02-12T14:44:39","modified_gmt":"2020-02-12T14:44:39","slug":"finalizaron-las-actividades-de-la-uni-en-la-costa","status":"publish","type":"post","link":"https:\/\/extension.unvm.edu.ar\/?p=10781","title":{"rendered":"Finalizaron las actividades de la Uni en la Costa"},"content":{"rendered":"<div align=\"justify\">\n<p><em>Desde el pasado domingo, se llevaron adelante diversas acciones organizadas por la UNVM en el stand informativo, habilitados en el recorrido pe\u00f1ero con motivo del 53\u00b0 Festival Internacional de Pe\u00f1as.<\/em><\/p>\n<p>En el marco del 25\u00b0 Aniversario de la Universidad Nacional Villa Mar\u00eda (UNVM), se llevaron a cabo, del domingo 9 al martes 11 de febrero, actividades en el stand informativo y en el evento art\u00edstico \u201cCosta Explota\u201d, organizados en el recorrido pe\u00f1ero que se realiza con motivo del 53\u00b0 Festival Internacional de Pe\u00f1as.<\/p>\n<p>El stand informativo que tuvo la UNVM, fue un espacio de encuentro y vinculaci\u00f3n con la comunidad, que cont\u00f3 con material de difusi\u00f3n e informaci\u00f3n acad\u00e9mica y extensionista.<\/p>\n<p>Desde el Instituto de Extensi\u00f3n, el domingo se brind\u00f3 una charla a cargo del equipo de Unipymes sobre \u201cC\u00f3mo emprender y proteger tu marca\u201d. Adem\u00e1s, estuvieron presentes en el escenario, el elenco de m\u00fasica folkl\u00f3rica Guadal, que deslumbr\u00f3 con sus canciones a todo el p\u00fablico presente.<\/p>\n<p>En lo que respecta al d\u00eda lunes, por un lado, hubo una reuni\u00f3n de Territorios Creativos y, por otro, la Orquesta Escuela de Tango La Cabulera, ofreci\u00f3 un espect\u00e1culo con repertorio cl\u00e1sico de las orquestas de Troilo Pugliese, Di Sarli y las obras que se trabajaron con el director Pablo Jaurena.<\/p>\n<p>Por \u00faltimo, el pasado martes se realiz\u00f3 una charla sobre la Convocatoria Presentaci\u00f3n de Proyectos del Programa de Extensi\u00f3n Universitaria para Adultos Mayores (PEUAM).<\/p>\n<p>En resumen, fueron 3 d\u00edas de intensa actividad donde la UNVM se acerc\u00f3 a la comunidad con el objetivo de seguir construyendo y estrechando v\u00ednculos.<\/p>\n<\/div>\n","protected":false},"excerpt":{"rendered":"<p>Desde el pasado domingo, se llevaron adelante diversas acciones organizadas por la UNVM en el stand informativo, habilitados en el recorrido pe\u00f1ero con motivo del 53\u00b0 Festival Internacional de Pe\u00f1as. En el marco del 25\u00b0 Aniversario de la Universidad Nacional Villa Mar\u00eda (UNVM), se llevaron a cabo, del domingo 9 al martes 11 de febrero, [&hellip;]<\/p>\n","protected":false},"author":12,"featured_media":10786,"comment_status":"closed","ping_status":"closed","sticky":false,"template":"","format":"standard","meta":{"_exactmetrics_skip_tracking":false,"_exactmetrics_sitenote_active":false,"_exactmetrics_sitenote_note":"","_exactmetrics_sitenote_category":0,"footnotes":""},"categories":[2],"tags":[],"class_list":["post-10781","post","type-post","status-publish","format-standard","has-post-thumbnail","hentry","category-novedades"],"_links":{"self":[{"href":"https:\/\/extension.unvm.edu.ar\/index.php?rest_route=\/wp\/v2\/posts\/10781"}],"collection":[{"href":"https:\/\/extension.unvm.edu.ar\/index.php?rest_route=\/wp\/v2\/posts"}],"about":[{"href":"https:\/\/extension.unvm.edu.ar\/index.php?rest_route=\/wp\/v2\/types\/post"}],"author":[{"embeddable":true,"href":"https:\/\/extension.unvm.edu.ar\/index.php?rest_route=\/wp\/v2\/users\/12"}],"replies":[{"embeddable":true,"href":"https:\/\/extension.unvm.edu.ar\/index.php?rest_route=%2Fwp%2Fv2%2Fcomments&post=10781"}],"version-history":[{"count":5,"href":"https:\/\/extension.unvm.edu.ar\/index.php?rest_route=\/wp\/v2\/posts\/10781\/revisions"}],"predecessor-version":[{"id":10855,"href":"https:\/\/extension.unvm.edu.ar\/index.php?rest_route=\/wp\/v2\/posts\/10781\/revisions\/10855"}],"wp:featuredmedia":[{"embeddable":true,"href":"https:\/\/extension.unvm.edu.ar\/index.php?rest_route=\/wp\/v2\/media\/10786"}],"wp:attachment":[{"href":"https:\/\/extension.unvm.edu.ar\/index.php?rest_route=%2Fwp%2Fv2%2Fmedia&parent=10781"}],"wp:term":[{"taxonomy":"category","embeddable":true,"href":"https:\/\/extension.unvm.edu.ar\/index.php?rest_route=%2Fwp%2Fv2%2Fcategories&post=10781"},{"taxonomy":"post_tag","embeddable":true,"href":"https:\/\/extension.unvm.edu.ar\/index.php?rest_route=%2Fwp%2Fv2%2Ftags&post=10781"}],"curies":[{"name":"wp","href":"https:\/\/api.w.org\/{rel}","templated":true}]}}