{"id":10770,"date":"2020-02-07T22:55:47","date_gmt":"2020-02-07T22:55:47","guid":{"rendered":"http:\/\/extension.unvm.edu.ar\/?p=10770"},"modified":"2020-02-07T22:57:44","modified_gmt":"2020-02-07T22:57:44","slug":"la-uni-en-la-costa-actividades-de-extension","status":"publish","type":"post","link":"https:\/\/extension.unvm.edu.ar\/?p=10770","title":{"rendered":"La Uni en la Costa: actividades de Extensi\u00f3n"},"content":{"rendered":"<div align=\"justify\">\n<p><em>Desde el Instituto de Extensi\u00f3n, se proponen diversas actividades que se llevar\u00e1n adelante desde el viernes 7 al domingo 9, en la carpa de la UNVM al frente del Escenario Vanzetti.<\/em><\/p>\n<p>El Instituto de Extensi\u00f3n, perteneciente a la Universidad Nacional Villa Mar\u00eda (UNVM), participar\u00e1 con diferentes actividades en el stand informativo que tendr\u00e1 la casa de altos estudios en el recorrido pe\u00f1ero que se habilita con motivo del 53\u00b0 Festival Internacional de Pe\u00f1as.<\/p>\n<p>En primer lugar, el domingo 9 de 20 a 24 hs., habr\u00e1 un espacio de consultas e informaci\u00f3n sobre el Portal de Empleo de la UNVM. Asimismo, el mismo d\u00eda\u00a0a las 20:30 hs.,\u00a0el equipo de UNIPYMES, brindar\u00e1 una charla informativa y consultorio itinerante sobre \u201cC\u00f3mo emprender y proteger tu marca\u201d.<\/p>\n<p>Por su parte, el lunes 10,\u00a0 habr\u00e1 una reuni\u00f3n de Territorios Creativos, a las 20:00 hs. Y, por \u00faltimo, el martes 11, a las 20:30 hs., se dar\u00e1 una charla sobre la Convocatoria Presentaci\u00f3n de Proyectos del Programa de Extensi\u00f3n Universitaria para Adultos Mayores (PEUAM).<\/p>\n<p>Cabe recordar, que tambi\u00e9n tendr\u00e1n participaci\u00f3n en el Escenario Vanzetti, dos elencos pertenecientes a la UNVM, La Cabulera y Guadal.<\/p>\n<\/div>\n","protected":false},"excerpt":{"rendered":"<p>Desde el Instituto de Extensi\u00f3n, se proponen diversas actividades que se llevar\u00e1n adelante desde el viernes 7 al domingo 9, en la carpa de la UNVM al frente del Escenario Vanzetti. El Instituto de Extensi\u00f3n, perteneciente a la Universidad Nacional Villa Mar\u00eda (UNVM), participar\u00e1 con diferentes actividades en el stand informativo que tendr\u00e1 la casa [&hellip;]<\/p>\n","protected":false},"author":12,"featured_media":10775,"comment_status":"closed","ping_status":"closed","sticky":false,"template":"","format":"standard","meta":{"_exactmetrics_skip_tracking":false,"_exactmetrics_sitenote_active":false,"_exactmetrics_sitenote_note":"","_exactmetrics_sitenote_category":0,"footnotes":""},"categories":[2],"tags":[],"class_list":["post-10770","post","type-post","status-publish","format-standard","has-post-thumbnail","hentry","category-novedades"],"_links":{"self":[{"href":"https:\/\/extension.unvm.edu.ar\/index.php?rest_route=\/wp\/v2\/posts\/10770"}],"collection":[{"href":"https:\/\/extension.unvm.edu.ar\/index.php?rest_route=\/wp\/v2\/posts"}],"about":[{"href":"https:\/\/extension.unvm.edu.ar\/index.php?rest_route=\/wp\/v2\/types\/post"}],"author":[{"embeddable":true,"href":"https:\/\/extension.unvm.edu.ar\/index.php?rest_route=\/wp\/v2\/users\/12"}],"replies":[{"embeddable":true,"href":"https:\/\/extension.unvm.edu.ar\/index.php?rest_route=%2Fwp%2Fv2%2Fcomments&post=10770"}],"version-history":[{"count":5,"href":"https:\/\/extension.unvm.edu.ar\/index.php?rest_route=\/wp\/v2\/posts\/10770\/revisions"}],"predecessor-version":[{"id":10785,"href":"https:\/\/extension.unvm.edu.ar\/index.php?rest_route=\/wp\/v2\/posts\/10770\/revisions\/10785"}],"wp:featuredmedia":[{"embeddable":true,"href":"https:\/\/extension.unvm.edu.ar\/index.php?rest_route=\/wp\/v2\/media\/10775"}],"wp:attachment":[{"href":"https:\/\/extension.unvm.edu.ar\/index.php?rest_route=%2Fwp%2Fv2%2Fmedia&parent=10770"}],"wp:term":[{"taxonomy":"category","embeddable":true,"href":"https:\/\/extension.unvm.edu.ar\/index.php?rest_route=%2Fwp%2Fv2%2Fcategories&post=10770"},{"taxonomy":"post_tag","embeddable":true,"href":"https:\/\/extension.unvm.edu.ar\/index.php?rest_route=%2Fwp%2Fv2%2Ftags&post=10770"}],"curies":[{"name":"wp","href":"https:\/\/api.w.org\/{rel}","templated":true}]}}