{"id":10748,"date":"2020-02-06T14:50:33","date_gmt":"2020-02-06T14:50:33","guid":{"rendered":"http:\/\/extension.unvm.edu.ar\/?p=10748"},"modified":"2020-02-06T14:53:00","modified_gmt":"2020-02-06T14:53:00","slug":"elencos-estables-de-la-unvm-abren-convocatorias","status":"publish","type":"post","link":"https:\/\/extension.unvm.edu.ar\/?p=10748","title":{"rendered":"Elencos estables de la UNVM abren convocatorias"},"content":{"rendered":"<div align=\"justify\">\n<p><em>Se ofrecen muchas propuestas para audicionar en los grupos art\u00edsticos que pertenecen al Instituto de Extensi\u00f3n. Los encuentros ser\u00e1n a partir del mes de marzo.<\/em><\/p>\n<p>Los elencos estables, Danzamble, Coro Nonino, Coro de Adultos Mayores (CORAM), Ballet Folkl\u00f3rico Universitario, La Comedia, La Cabulera y el Coro de Ni\u00f1os y ni\u00f1as, de la Universidad Nacional Villa Mar\u00eda (UNVM), abren sus convocatorias para audicionar a partir de marzo.<\/p>\n<p>En lo que respecta a Danzamble, las audiciones ser\u00e1n el lunes 2 de marzo, a las 20:00 hs., en el auditorio del Instituto de Extensi\u00f3n (Santiago del Estero 1635). Las condiciones para las mismas, son las siguientes, deben ser mayores de 18 a\u00f1os, tener disponibilidad horaria y experiencia esc\u00e9nica.<\/p>\n<p>Por su parte, el Coro Nonino tendr\u00e1 sus audiciones el mi\u00e9rcoles 4 y lunes 9 de marzo, a las 20:00hs., en el auditorio del Instituto. Los requisitos son: disponibilidad horaria, buena afinaci\u00f3n y preparar una canci\u00f3n sin acompa\u00f1amiento instrumental para ese d\u00eda.<\/p>\n<p>Asimismo, los lunes 9 y 16 de marzo, de 16 a 18 hs., en el auditorio del Instituto, tendr\u00e1 lugar el CORAM. El coro, integrado por adultos mayores a partir de 60 a\u00f1os, tiene como \u00fanico requisito llevar una canci\u00f3n elegida a gusto para cantar.<\/p>\n<p>Haciendo referencia al grupo de teatro La Comedia, el encuentro ser\u00e1 el martes 10 de marzo en el Instituto a las 20:00hs. A modo de condici\u00f3n se deber\u00e1 contar con alguna experiencia en actuaci\u00f3n.<\/p>\n<p>El espacio del Ballet Folkl\u00f3rico Universitario ser\u00e1 el martes 11 de marzo, a las 20:30 hs., en el auditorio del Instituto. Para poder audicionar, debes ser mayor de 18 a\u00f1os, tener experiencia en danzas folkl\u00f3ricas y asistir con ropa de ensayo y pa\u00f1uelo.<\/p>\n<p>En lo que respecta al Coro de Ni\u00f1os y Ni\u00f1as, deben tener entre 8 (cursando 4to grado) a 14 a\u00f1os, vivir en Villa Mar\u00eda, Villa Nueva o zona cercana. Las audiciones ser\u00e1n el lunes 23 y jueves 26 de marzo, de 19 a 20:30 hs., en el auditorio del Instituto.<\/p>\n<p>Por \u00faltimo, lleg\u00f3 el turno de la Orquesta Escuela de Tango La Cabulera, que realizar\u00e1 sus audiciones el lunes 30 de marzo, en el auditorio del Rectorado a las 19 hs. Los puestos vacantes a cubrir son viol\u00edn, viola, cello, piano, contrabajo y bandone\u00f3n.<\/p>\n<p>Cabe mencionar que cada elenco, notificar\u00e1 a las personas seleccionadas de las audiciones.<\/p>\n<\/div>\n","protected":false},"excerpt":{"rendered":"<p>Se ofrecen muchas propuestas para audicionar en los grupos art\u00edsticos que pertenecen al Instituto de Extensi\u00f3n. Los encuentros ser\u00e1n a partir del mes de marzo. Los elencos estables, Danzamble, Coro Nonino, Coro de Adultos Mayores (CORAM), Ballet Folkl\u00f3rico Universitario, La Comedia, La Cabulera y el Coro de Ni\u00f1os y ni\u00f1as, de la Universidad Nacional Villa [&hellip;]<\/p>\n","protected":false},"author":12,"featured_media":10754,"comment_status":"closed","ping_status":"closed","sticky":false,"template":"","format":"standard","meta":{"_exactmetrics_skip_tracking":false,"_exactmetrics_sitenote_active":false,"_exactmetrics_sitenote_note":"","_exactmetrics_sitenote_category":0,"footnotes":""},"categories":[2],"tags":[],"class_list":["post-10748","post","type-post","status-publish","format-standard","has-post-thumbnail","hentry","category-novedades"],"_links":{"self":[{"href":"https:\/\/extension.unvm.edu.ar\/index.php?rest_route=\/wp\/v2\/posts\/10748"}],"collection":[{"href":"https:\/\/extension.unvm.edu.ar\/index.php?rest_route=\/wp\/v2\/posts"}],"about":[{"href":"https:\/\/extension.unvm.edu.ar\/index.php?rest_route=\/wp\/v2\/types\/post"}],"author":[{"embeddable":true,"href":"https:\/\/extension.unvm.edu.ar\/index.php?rest_route=\/wp\/v2\/users\/12"}],"replies":[{"embeddable":true,"href":"https:\/\/extension.unvm.edu.ar\/index.php?rest_route=%2Fwp%2Fv2%2Fcomments&post=10748"}],"version-history":[{"count":6,"href":"https:\/\/extension.unvm.edu.ar\/index.php?rest_route=\/wp\/v2\/posts\/10748\/revisions"}],"predecessor-version":[{"id":10767,"href":"https:\/\/extension.unvm.edu.ar\/index.php?rest_route=\/wp\/v2\/posts\/10748\/revisions\/10767"}],"wp:featuredmedia":[{"embeddable":true,"href":"https:\/\/extension.unvm.edu.ar\/index.php?rest_route=\/wp\/v2\/media\/10754"}],"wp:attachment":[{"href":"https:\/\/extension.unvm.edu.ar\/index.php?rest_route=%2Fwp%2Fv2%2Fmedia&parent=10748"}],"wp:term":[{"taxonomy":"category","embeddable":true,"href":"https:\/\/extension.unvm.edu.ar\/index.php?rest_route=%2Fwp%2Fv2%2Fcategories&post=10748"},{"taxonomy":"post_tag","embeddable":true,"href":"https:\/\/extension.unvm.edu.ar\/index.php?rest_route=%2Fwp%2Fv2%2Ftags&post=10748"}],"curies":[{"name":"wp","href":"https:\/\/api.w.org\/{rel}","templated":true}]}}