{"id":10696,"date":"2019-12-13T14:32:22","date_gmt":"2019-12-13T14:32:22","guid":{"rendered":"http:\/\/extension.unvm.edu.ar\/?p=10696"},"modified":"2019-12-13T14:43:58","modified_gmt":"2019-12-13T14:43:58","slug":"mira-lo-que-veo-muestra-y-entrega-de-certificados","status":"publish","type":"post","link":"https:\/\/extension.unvm.edu.ar\/?p=10696","title":{"rendered":"Mir\u00e1 lo que veo: muestra y entrega de certificados"},"content":{"rendered":"<div align=\"justify\">\n<p><em>El pasado viernes el taller audiovisual, implementado en diferentes Escuelas Rurales de la zona de T\u00edo Pujio, finaliz\u00f3 en el Centro C\u00edvico de esa comunidad.\u00a0<\/em><\/p>\n<p>El taller audiovisual \u201cMir\u00e1 lo que veo\u201d finaliz\u00f3 el pasado viernes en el Centro C\u00edvico de T\u00edo Pujio con un muestra de los trabajos realizados durante el a\u00f1o y la entrega de certificados a los alumnos\/as participantes.<\/p>\n<p>El proyecto art\u00edstico-comunicacional, impulsado por el Instituto de Extensi\u00f3n de la Universidad Nacional Villa Mar\u00eda (UNVM), implementado en 9 Escuelas Rurales de la regi\u00f3n de la inspecci\u00f3n de la zona de T\u00edo Pujio, fue un espacio art\u00edstico expresivo que \u00a0propuso que ni\u00f1os y ni\u00f1as sean protagonistas, creadores y realizadores, dando paso a sus capacidades creativas.<\/p>\n<p>En el taller, los estudiantes incursionaron en la toma fotogr\u00e1fica, elaboraron trabajos de animaci\u00f3n y documental. La coordinaci\u00f3n de la propuesta estuvo a cargo de la lic. Ver\u00f3nica Mart\u00ednez y el dictado, de las talleristas Ayelen Mufari y Diamela Beaz.<\/p>\n<p>Con respecto a las escuelas e instituciones donde se dictaron los talleres, se encuentran el Centro Educativo 20 de Junio, Libertad de Colonia Santa Rita, las Escuelas Fray Ventos Taborda, Fray Justo Santa Mar\u00eda de Oro, Constancio Cecilio Vigil, Mariano Moreno, R. V. Navarro rural, Fray Reginaldo Delgado y John F. Kennedy.<\/p>\n<p>Cabe mencionar, que la propuesta se enmarca dentro de un protocolo de trabajo, firmado por cuarto a\u00f1o consecutivo, entre la UNVM, la Inspecci\u00f3n Zona 3210 y la Cooperativa de Energ\u00eda El\u00e9ctrica y Agua T\u00edo Pujio Limitada.<\/p>\n<p>&nbsp;<\/p>\n<\/div>\n","protected":false},"excerpt":{"rendered":"<p>El pasado viernes el taller audiovisual, implementado en diferentes Escuelas Rurales de la zona de T\u00edo Pujio, finaliz\u00f3 en el Centro C\u00edvico de esa comunidad.\u00a0 El taller audiovisual \u201cMir\u00e1 lo que veo\u201d finaliz\u00f3 el pasado viernes en el Centro C\u00edvico de T\u00edo Pujio con un muestra de los trabajos realizados durante el a\u00f1o y la [&hellip;]<\/p>\n","protected":false},"author":12,"featured_media":10697,"comment_status":"closed","ping_status":"closed","sticky":false,"template":"","format":"standard","meta":{"_exactmetrics_skip_tracking":false,"_exactmetrics_sitenote_active":false,"_exactmetrics_sitenote_note":"","_exactmetrics_sitenote_category":0,"footnotes":""},"categories":[2],"tags":[],"class_list":["post-10696","post","type-post","status-publish","format-standard","has-post-thumbnail","hentry","category-novedades"],"_links":{"self":[{"href":"https:\/\/extension.unvm.edu.ar\/index.php?rest_route=\/wp\/v2\/posts\/10696"}],"collection":[{"href":"https:\/\/extension.unvm.edu.ar\/index.php?rest_route=\/wp\/v2\/posts"}],"about":[{"href":"https:\/\/extension.unvm.edu.ar\/index.php?rest_route=\/wp\/v2\/types\/post"}],"author":[{"embeddable":true,"href":"https:\/\/extension.unvm.edu.ar\/index.php?rest_route=\/wp\/v2\/users\/12"}],"replies":[{"embeddable":true,"href":"https:\/\/extension.unvm.edu.ar\/index.php?rest_route=%2Fwp%2Fv2%2Fcomments&post=10696"}],"version-history":[{"count":6,"href":"https:\/\/extension.unvm.edu.ar\/index.php?rest_route=\/wp\/v2\/posts\/10696\/revisions"}],"predecessor-version":[{"id":10714,"href":"https:\/\/extension.unvm.edu.ar\/index.php?rest_route=\/wp\/v2\/posts\/10696\/revisions\/10714"}],"wp:featuredmedia":[{"embeddable":true,"href":"https:\/\/extension.unvm.edu.ar\/index.php?rest_route=\/wp\/v2\/media\/10697"}],"wp:attachment":[{"href":"https:\/\/extension.unvm.edu.ar\/index.php?rest_route=%2Fwp%2Fv2%2Fmedia&parent=10696"}],"wp:term":[{"taxonomy":"category","embeddable":true,"href":"https:\/\/extension.unvm.edu.ar\/index.php?rest_route=%2Fwp%2Fv2%2Fcategories&post=10696"},{"taxonomy":"post_tag","embeddable":true,"href":"https:\/\/extension.unvm.edu.ar\/index.php?rest_route=%2Fwp%2Fv2%2Ftags&post=10696"}],"curies":[{"name":"wp","href":"https:\/\/api.w.org\/{rel}","templated":true}]}}