{"id":10686,"date":"2019-12-06T13:04:46","date_gmt":"2019-12-06T13:04:46","guid":{"rendered":"http:\/\/extension.unvm.edu.ar\/?p=10686"},"modified":"2019-12-06T13:04:46","modified_gmt":"2019-12-06T13:04:46","slug":"finalizaron-los-cursos-en-el-establecimiento-penitenciario-n5-villa-maria","status":"publish","type":"post","link":"https:\/\/extension.unvm.edu.ar\/?p=10686","title":{"rendered":"Finalizaron los cursos en el Establecimiento Penitenciario N\u00b05 Villa Mar\u00eda"},"content":{"rendered":"<div align=\"justify\">\n<p><em>El equipo de trabajo del Observatorio de Derechos Humanos del Instituto de Extensi\u00f3n, hizo entrega de certificados a los\/as participantes. <\/em><\/p>\n<p>El pasado mi\u00e9rcoles, concluyeron los cursos de \u201cComunicaci\u00f3n para la Inclusi\u00f3n\u201d, \u201cPr\u00e1cticas respetuosas de los Derechos Humanos en contextos de encierro\u201d y el \u201cPrograma de Capacitaci\u00f3n en Oficios\u201d, que se dictaron en el Servicio Penitenciario N\u00b05 Villa Mar\u00eda. En esta oportunidad, el equipo de trabajo del Observatorio de DDHH, hizo entrega de los certificados correspondientes.<\/p>\n<p>En lo que respecta al proyecto de Comunicaci\u00f3n para la Inclusi\u00f3n, consisti\u00f3 en el desarrollo de un taller de comunicaci\u00f3n que persigui\u00f3 el objetivo de fomentar un espacio de expresi\u00f3n y reflexi\u00f3n para las personas privadas de su libertad, favoreciendo el pleno ejercicio del derecho a la comunicaci\u00f3n.<\/p>\n<p>Del mismo modo, el caso del curso de DDHH, es dictado tanto en Villa Mar\u00eda, como as\u00ed tambi\u00e9n en el Servicio Penitenciario N\u00b0 7 San Francisco, asumiendo el compromiso de brindar los servicios de capacitaci\u00f3n, asistencia y acompa\u00f1amiento permanente, a trav\u00e9s del trabajo conjunto, articulando la educaci\u00f3n formal y no formal, mediante la capacitaci\u00f3n en oficios espec\u00edficos para las personas que est\u00e1n alojadas en los establecimientos.<\/p>\n<p>Por \u00faltimo, el curso denominado Pr\u00e1cticas respetuosas de los Derechos Humanos en contextos de encierro, al igual que el programa de capacitaci\u00f3n \u201cCursos de Oficios\u201d, tuvo como destinatarios, en esta oportunidad, a hombres y mujeres privadas de su libertad, alojados en el Establecimiento Penitenciario N\u00b05.<\/p>\n<p>Es importante recalcar, que las capacitaciones fueron ofrecidas en el marco de un convenio firmado entre el Ministerio de Justicia y Derechos Humanos de la provincia de C\u00f3rdoba y la Universidad Nacional de Villa Mar\u00eda, a trav\u00e9s del Instituto de Extensi\u00f3n.\n<\/p><\/div>\n","protected":false},"excerpt":{"rendered":"<p>El equipo de trabajo del Observatorio de Derechos Humanos del Instituto de Extensi\u00f3n, hizo entrega de certificados a los\/as participantes. El pasado mi\u00e9rcoles, concluyeron los cursos de \u201cComunicaci\u00f3n para la Inclusi\u00f3n\u201d, \u201cPr\u00e1cticas respetuosas de los Derechos Humanos en contextos de encierro\u201d y el \u201cPrograma de Capacitaci\u00f3n en Oficios\u201d, que se dictaron en el Servicio Penitenciario [&hellip;]<\/p>\n","protected":false},"author":12,"featured_media":10692,"comment_status":"closed","ping_status":"closed","sticky":false,"template":"","format":"standard","meta":{"_exactmetrics_skip_tracking":false,"_exactmetrics_sitenote_active":false,"_exactmetrics_sitenote_note":"","_exactmetrics_sitenote_category":0,"footnotes":""},"categories":[2],"tags":[],"class_list":["post-10686","post","type-post","status-publish","format-standard","has-post-thumbnail","hentry","category-novedades"],"_links":{"self":[{"href":"https:\/\/extension.unvm.edu.ar\/index.php?rest_route=\/wp\/v2\/posts\/10686"}],"collection":[{"href":"https:\/\/extension.unvm.edu.ar\/index.php?rest_route=\/wp\/v2\/posts"}],"about":[{"href":"https:\/\/extension.unvm.edu.ar\/index.php?rest_route=\/wp\/v2\/types\/post"}],"author":[{"embeddable":true,"href":"https:\/\/extension.unvm.edu.ar\/index.php?rest_route=\/wp\/v2\/users\/12"}],"replies":[{"embeddable":true,"href":"https:\/\/extension.unvm.edu.ar\/index.php?rest_route=%2Fwp%2Fv2%2Fcomments&post=10686"}],"version-history":[{"count":4,"href":"https:\/\/extension.unvm.edu.ar\/index.php?rest_route=\/wp\/v2\/posts\/10686\/revisions"}],"predecessor-version":[{"id":10704,"href":"https:\/\/extension.unvm.edu.ar\/index.php?rest_route=\/wp\/v2\/posts\/10686\/revisions\/10704"}],"wp:featuredmedia":[{"embeddable":true,"href":"https:\/\/extension.unvm.edu.ar\/index.php?rest_route=\/wp\/v2\/media\/10692"}],"wp:attachment":[{"href":"https:\/\/extension.unvm.edu.ar\/index.php?rest_route=%2Fwp%2Fv2%2Fmedia&parent=10686"}],"wp:term":[{"taxonomy":"category","embeddable":true,"href":"https:\/\/extension.unvm.edu.ar\/index.php?rest_route=%2Fwp%2Fv2%2Fcategories&post=10686"},{"taxonomy":"post_tag","embeddable":true,"href":"https:\/\/extension.unvm.edu.ar\/index.php?rest_route=%2Fwp%2Fv2%2Ftags&post=10686"}],"curies":[{"name":"wp","href":"https:\/\/api.w.org\/{rel}","templated":true}]}}