{"id":10677,"date":"2019-12-06T12:19:11","date_gmt":"2019-12-06T12:19:11","guid":{"rendered":"http:\/\/extension.unvm.edu.ar\/?p=10677"},"modified":"2019-12-06T12:19:11","modified_gmt":"2019-12-06T12:19:11","slug":"se-llevo-a-cabo-la-primera-reunion-del-consejo-social-de-la-unvm","status":"publish","type":"post","link":"https:\/\/extension.unvm.edu.ar\/?p=10677","title":{"rendered":"Se llev\u00f3 a cabo la primera reuni\u00f3n del Consejo Social de la UNVM"},"content":{"rendered":"<div align=\"justify\">\n<p><em>Integrada por autoridades de la UNVM y m\u00e1s de 70 representantes de distintas instituciones\/organizaciones y municipios de la ciudad y la regi\u00f3n. Uno de los principales objetivos es la planificaci\u00f3n de acciones en conjunto, en pos del desarrollo social, econ\u00f3mico y cultural. <\/em><\/p>\n<p>Se realiz\u00f3 la primera reuni\u00f3n del Consejo Social en el auditorio del Instituto de Extensi\u00f3n, que tiene como objetivo servir de apoyo a los \u00f3rganos de conducci\u00f3n de la Universidad Nacional Villa Mar\u00eda (UNVM), integr\u00e1ndola con la regi\u00f3n y planificar acciones en conjunto en pos del desarrollo social, econ\u00f3mico y cultural de la regi\u00f3n.<\/p>\n<p>El encuentro, estuvo integrado por las autoridades de la UNVM y m\u00e1s de 70 representantes de municipalidades del departamento General San Mart\u00edn y la Regi\u00f3n, Centros Vecinales, Entidades y Organizaciones Deportivas, Organizaciones Culturales, Cient\u00edficas, Gremiales, Profesionales y de la Comunidad, Entidades Educativas, Civiles, Comerciales, Industriales y de Servicios.<\/p>\n<p>En esta primera reuni\u00f3n, la vicerrectora de la UNVM, mgter. Elizabeth Theiler, recalc\u00f3 la importancia de \u201carmar una agenda con el desaf\u00edo de plantearse una etapa de autoevaluaci\u00f3n, despu\u00e9s de 25 a\u00f1os de convivencia interinstitucional\u201d. Se dej\u00f3 programado para el pr\u00f3ximo 11 de marzo, la realizaci\u00f3n de la segunda reuni\u00f3n.<\/p>\n<p>Asimismo, el Intendente de la ciudad de Villa General Belgrano, agradeci\u00f3 la invitaci\u00f3n y manifest\u00f3: \u201cSer parte de este consejo es una gran noticia y una oportunidad que vamos a aprovechar al m\u00e1ximo\u201d.<\/p>\n<p>Por \u00faltimo, la representante del Colegio de Psic\u00f3logos de Villa Mar\u00eda, Silvana Pons, coment\u00f3 que est\u00e1n a disposici\u00f3n para instancias de formaci\u00f3n, capacitaci\u00f3n, espacios de di\u00e1logo y encuentros. \u201cLo m\u00e1s valioso es que cada persona, desde la instituci\u00f3n\/organizaci\u00f3n que represente, pueda aportar su saber\u201d, concluy\u00f3.<\/p>\n<\/div>\n","protected":false},"excerpt":{"rendered":"<p>Integrada por autoridades de la UNVM y m\u00e1s de 70 representantes de distintas instituciones\/organizaciones y municipios de la ciudad y la regi\u00f3n. Uno de los principales objetivos es la planificaci\u00f3n de acciones en conjunto, en pos del desarrollo social, econ\u00f3mico y cultural. Se realiz\u00f3 la primera reuni\u00f3n del Consejo Social en el auditorio del Instituto [&hellip;]<\/p>\n","protected":false},"author":12,"featured_media":10683,"comment_status":"closed","ping_status":"closed","sticky":false,"template":"","format":"standard","meta":{"_exactmetrics_skip_tracking":false,"_exactmetrics_sitenote_active":false,"_exactmetrics_sitenote_note":"","_exactmetrics_sitenote_category":0,"footnotes":""},"categories":[2],"tags":[],"class_list":["post-10677","post","type-post","status-publish","format-standard","has-post-thumbnail","hentry","category-novedades"],"_links":{"self":[{"href":"https:\/\/extension.unvm.edu.ar\/index.php?rest_route=\/wp\/v2\/posts\/10677"}],"collection":[{"href":"https:\/\/extension.unvm.edu.ar\/index.php?rest_route=\/wp\/v2\/posts"}],"about":[{"href":"https:\/\/extension.unvm.edu.ar\/index.php?rest_route=\/wp\/v2\/types\/post"}],"author":[{"embeddable":true,"href":"https:\/\/extension.unvm.edu.ar\/index.php?rest_route=\/wp\/v2\/users\/12"}],"replies":[{"embeddable":true,"href":"https:\/\/extension.unvm.edu.ar\/index.php?rest_route=%2Fwp%2Fv2%2Fcomments&post=10677"}],"version-history":[{"count":4,"href":"https:\/\/extension.unvm.edu.ar\/index.php?rest_route=\/wp\/v2\/posts\/10677\/revisions"}],"predecessor-version":[{"id":10690,"href":"https:\/\/extension.unvm.edu.ar\/index.php?rest_route=\/wp\/v2\/posts\/10677\/revisions\/10690"}],"wp:featuredmedia":[{"embeddable":true,"href":"https:\/\/extension.unvm.edu.ar\/index.php?rest_route=\/wp\/v2\/media\/10683"}],"wp:attachment":[{"href":"https:\/\/extension.unvm.edu.ar\/index.php?rest_route=%2Fwp%2Fv2%2Fmedia&parent=10677"}],"wp:term":[{"taxonomy":"category","embeddable":true,"href":"https:\/\/extension.unvm.edu.ar\/index.php?rest_route=%2Fwp%2Fv2%2Fcategories&post=10677"},{"taxonomy":"post_tag","embeddable":true,"href":"https:\/\/extension.unvm.edu.ar\/index.php?rest_route=%2Fwp%2Fv2%2Ftags&post=10677"}],"curies":[{"name":"wp","href":"https:\/\/api.w.org\/{rel}","templated":true}]}}