{"id":10667,"date":"2019-12-03T12:51:39","date_gmt":"2019-12-03T12:51:39","guid":{"rendered":"http:\/\/extension.unvm.edu.ar\/?p=10667"},"modified":"2019-12-03T12:51:56","modified_gmt":"2019-12-03T12:51:56","slug":"la-unvm-firmo-convenio-con-cecip-de-las-varillas","status":"publish","type":"post","link":"https:\/\/extension.unvm.edu.ar\/?p=10667","title":{"rendered":"La UNVM firm\u00f3 convenio con CECIP de Las Varillas"},"content":{"rendered":"<div align=\"justify\">\n<p><em>El objetivo es que personal de la casa de altos estudios brinde asesoramiento a empresas y personas sobre c\u00f3mo tramitar la Propiedad Intelectual, Marcas y Patentes. El asesoramiento ser\u00e1 sin costo, si es con costo en caso de la registraci\u00f3n. <\/em><\/p>\n<p>La Universidad Nacional Villa Mar\u00eda (UNVM), a trav\u00e9s del Instituto de Extensi\u00f3n, llev\u00f3 adelante la firma de un convenio con el Centro Comercial, Industrial y de la Propiedad de Las Varillas, en la ma\u00f1ana del pasado viernes.<\/p>\n<p>Con la finalidad de posibilitar que integrantes de la Oficina de Propiedad Intelectual del Instituto de Extensi\u00f3n, brinde asesoramiento a empresas y personas sobre c\u00f3mo tramitar la Propiedad Intelectual, Marcas y Patentes, para lo cual est\u00e1n habilitados por el Ministerio de Justicia y Derechos Humanos de la Naci\u00f3n. El asesoramiento ser\u00e1 sin costo y si tendr\u00e1 costo en caso de la registraci\u00f3n.<\/p>\n<p>Asimismo, se certific\u00f3 un segundo convenio que habilitar\u00e1 futuras capacitaciones entre la UNVM y el CECIP, especialmente relacionadas a la actividad comercial e industrial.<\/p>\n<p>En el acto, estuvo presente el rector de la UNVM, Luis Negretti, el director del \u00c1rea de Transferencia Cient\u00edfica-Tecnol\u00f3gica, Dario Poncio y el presidente del CECIP, H\u00e9ctor Mansilla.<\/p>\n<\/div>\n","protected":false},"excerpt":{"rendered":"<p>El objetivo es que personal de la casa de altos estudios brinde asesoramiento a empresas y personas sobre c\u00f3mo tramitar la Propiedad Intelectual, Marcas y Patentes. El asesoramiento ser\u00e1 sin costo, si es con costo en caso de la registraci\u00f3n. La Universidad Nacional Villa Mar\u00eda (UNVM), a trav\u00e9s del Instituto de Extensi\u00f3n, llev\u00f3 adelante la [&hellip;]<\/p>\n","protected":false},"author":12,"featured_media":10672,"comment_status":"closed","ping_status":"closed","sticky":false,"template":"","format":"standard","meta":{"_exactmetrics_skip_tracking":false,"_exactmetrics_sitenote_active":false,"_exactmetrics_sitenote_note":"","_exactmetrics_sitenote_category":0,"footnotes":""},"categories":[2],"tags":[],"class_list":["post-10667","post","type-post","status-publish","format-standard","has-post-thumbnail","hentry","category-novedades"],"_links":{"self":[{"href":"https:\/\/extension.unvm.edu.ar\/index.php?rest_route=\/wp\/v2\/posts\/10667"}],"collection":[{"href":"https:\/\/extension.unvm.edu.ar\/index.php?rest_route=\/wp\/v2\/posts"}],"about":[{"href":"https:\/\/extension.unvm.edu.ar\/index.php?rest_route=\/wp\/v2\/types\/post"}],"author":[{"embeddable":true,"href":"https:\/\/extension.unvm.edu.ar\/index.php?rest_route=\/wp\/v2\/users\/12"}],"replies":[{"embeddable":true,"href":"https:\/\/extension.unvm.edu.ar\/index.php?rest_route=%2Fwp%2Fv2%2Fcomments&post=10667"}],"version-history":[{"count":6,"href":"https:\/\/extension.unvm.edu.ar\/index.php?rest_route=\/wp\/v2\/posts\/10667\/revisions"}],"predecessor-version":[{"id":10681,"href":"https:\/\/extension.unvm.edu.ar\/index.php?rest_route=\/wp\/v2\/posts\/10667\/revisions\/10681"}],"wp:featuredmedia":[{"embeddable":true,"href":"https:\/\/extension.unvm.edu.ar\/index.php?rest_route=\/wp\/v2\/media\/10672"}],"wp:attachment":[{"href":"https:\/\/extension.unvm.edu.ar\/index.php?rest_route=%2Fwp%2Fv2%2Fmedia&parent=10667"}],"wp:term":[{"taxonomy":"category","embeddable":true,"href":"https:\/\/extension.unvm.edu.ar\/index.php?rest_route=%2Fwp%2Fv2%2Fcategories&post=10667"},{"taxonomy":"post_tag","embeddable":true,"href":"https:\/\/extension.unvm.edu.ar\/index.php?rest_route=%2Fwp%2Fv2%2Ftags&post=10667"}],"curies":[{"name":"wp","href":"https:\/\/api.w.org\/{rel}","templated":true}]}}