{"id":10653,"date":"2019-11-29T12:49:55","date_gmt":"2019-11-29T12:49:55","guid":{"rendered":"http:\/\/extension.unvm.edu.ar\/?p=10653"},"modified":"2019-11-29T12:58:56","modified_gmt":"2019-11-29T12:58:56","slug":"se-debatio-el-lenguaje-inclusivo-en-la-unvm","status":"publish","type":"post","link":"https:\/\/extension.unvm.edu.ar\/?p=10653","title":{"rendered":"Se debati\u00f3 el lenguaje inclusivo en la UNVM"},"content":{"rendered":"<div align=\"justify\">\n<p><em>El encuentro estuvo guiado por la doctora en Estudios de G\u00e9nero por la UNC, Paula Morales. Se ofrecieron diversas herramientas para la comprensi\u00f3n del fen\u00f3meno, situ\u00e1ndose en un \u00e1mbito educativo universitario. <\/em><\/p>\n<p>A fin de promover una instancia de debate acerca del lenguaje inclusivo, se llev\u00f3 a cabo en la Universidad Nacional Villa Mar\u00eda (UNVM) un taller denominado \u201cLenguaje Inclusive. Aportes pedag\u00f3gico-pol\u00edticos para el debate en la universidad\u201d. El mismo, estuvo a cargo de la doctora en Estudios de G\u00e9nero por la UNC, diplomada en Medios de Comunicaci\u00f3n, Violencia Intrafamiliar y Equidad de G\u00e9nero, Paula Morales.<\/p>\n<p>Las principales herramientas que se brindaron sirven para la comprensi\u00f3n del fen\u00f3meno, situ\u00e1ndose en el \u00e1mbito educativo universitario, en lo que respecta a pr\u00e1cticas administrativas y pedag\u00f3gicas, acad\u00e9micas e institucionales. Adem\u00e1s, se trabaj\u00f3 tambi\u00e9n sobre el rechazo a la transformaci\u00f3n del lenguaje, debati\u00e9ndolo colectivamente.<\/p>\n<p>Por su parte, propuso una aproximaci\u00f3n al lenguaje inclusivo, desnaturalizando los sentidos sexistas y mis\u00f3ginos. Fue un enfoque socio-discursivo, que trabaja sobre las materialidades de soportes medi\u00e1ticos y dispositivos educativos y administrativos con un equipo de profesionales expertos.<\/p>\n<p>El encuentro, estuvo organizado por el Instituto de Extensi\u00f3n, el I.A.P. Ciencias B\u00e1sicas y Aplicadas, el I.A.P Ciencias Humanas, el I.A.P. Ciencias Sociales, la Secretar\u00eda de Comunicaci\u00f3n Institucional y la Secretar\u00eda de Bienestar.<\/p>\n<\/div>\n","protected":false},"excerpt":{"rendered":"<p>El encuentro estuvo guiado por la doctora en Estudios de G\u00e9nero por la UNC, Paula Morales. Se ofrecieron diversas herramientas para la comprensi\u00f3n del fen\u00f3meno, situ\u00e1ndose en un \u00e1mbito educativo universitario. A fin de promover una instancia de debate acerca del lenguaje inclusivo, se llev\u00f3 a cabo en la Universidad Nacional Villa Mar\u00eda (UNVM) un [&hellip;]<\/p>\n","protected":false},"author":12,"featured_media":10658,"comment_status":"closed","ping_status":"closed","sticky":false,"template":"","format":"standard","meta":{"_exactmetrics_skip_tracking":false,"_exactmetrics_sitenote_active":false,"_exactmetrics_sitenote_note":"","_exactmetrics_sitenote_category":0,"footnotes":""},"categories":[2],"tags":[],"class_list":["post-10653","post","type-post","status-publish","format-standard","has-post-thumbnail","hentry","category-novedades"],"_links":{"self":[{"href":"https:\/\/extension.unvm.edu.ar\/index.php?rest_route=\/wp\/v2\/posts\/10653"}],"collection":[{"href":"https:\/\/extension.unvm.edu.ar\/index.php?rest_route=\/wp\/v2\/posts"}],"about":[{"href":"https:\/\/extension.unvm.edu.ar\/index.php?rest_route=\/wp\/v2\/types\/post"}],"author":[{"embeddable":true,"href":"https:\/\/extension.unvm.edu.ar\/index.php?rest_route=\/wp\/v2\/users\/12"}],"replies":[{"embeddable":true,"href":"https:\/\/extension.unvm.edu.ar\/index.php?rest_route=%2Fwp%2Fv2%2Fcomments&post=10653"}],"version-history":[{"count":6,"href":"https:\/\/extension.unvm.edu.ar\/index.php?rest_route=\/wp\/v2\/posts\/10653\/revisions"}],"predecessor-version":[{"id":10670,"href":"https:\/\/extension.unvm.edu.ar\/index.php?rest_route=\/wp\/v2\/posts\/10653\/revisions\/10670"}],"wp:featuredmedia":[{"embeddable":true,"href":"https:\/\/extension.unvm.edu.ar\/index.php?rest_route=\/wp\/v2\/media\/10658"}],"wp:attachment":[{"href":"https:\/\/extension.unvm.edu.ar\/index.php?rest_route=%2Fwp%2Fv2%2Fmedia&parent=10653"}],"wp:term":[{"taxonomy":"category","embeddable":true,"href":"https:\/\/extension.unvm.edu.ar\/index.php?rest_route=%2Fwp%2Fv2%2Fcategories&post=10653"},{"taxonomy":"post_tag","embeddable":true,"href":"https:\/\/extension.unvm.edu.ar\/index.php?rest_route=%2Fwp%2Fv2%2Ftags&post=10653"}],"curies":[{"name":"wp","href":"https:\/\/api.w.org\/{rel}","templated":true}]}}